{"id":238712,"date":"2020-05-11T15:16:51","date_gmt":"2020-05-11T18:16:51","guid":{"rendered":"https:\/\/notinor.com\/jujuy\/?p=238712"},"modified":"2020-05-11T15:16:53","modified_gmt":"2020-05-11T18:16:53","slug":"analizan-la-ley-de-emergencia-turistica-en-la-provincia","status":"publish","type":"post","link":"https:\/\/notinor.com\/jujuy\/analizan-la-ley-de-emergencia-turistica-en-la-provincia\/","title":{"rendered":"Analizan la Ley de Emergencia Tur\u00edstica en la provincia"},"content":{"rendered":"\n<p>La Comisi\u00f3n de Cultura y Turismo de la Legislatura se reuni\u00f3\ncon el ministro de Turismo provincial, Federico Posadas, y con representantes\ndel sector para trabajar y analizar la Ley que declarar\u00eda la emergencia del\nsector tur\u00edstico en toda la provincia. La reducci\u00f3n del 50% de las tarifas de\nservicios p\u00fablicos y la habilitaci\u00f3n del Servicio de acompa\u00f1amiento,\nasistencia, <\/p>\n\n\n\n<figure class=\"wp-block-image size-large\"><img decoding=\"async\" loading=\"lazy\" width=\"720\" height=\"480\" src=\"https:\/\/notinor.com\/jujuy\/wp-content\/uploads\/2020\/05\/comturismo-720x480.jpg\" alt=\"\" class=\"wp-image-238713\" srcset=\"https:\/\/notinor.com\/jujuy\/wp-content\/uploads\/2020\/05\/comturismo-720x480.jpg 720w, https:\/\/notinor.com\/jujuy\/wp-content\/uploads\/2020\/05\/comturismo-548x365.jpg 548w, https:\/\/notinor.com\/jujuy\/wp-content\/uploads\/2020\/05\/comturismo-400x266.jpg 400w, https:\/\/notinor.com\/jujuy\/wp-content\/uploads\/2020\/05\/comturismo.jpg 750w\" sizes=\"(max-width: 720px) 100vw, 720px\" \/><\/figure>\n\n\n\n<p class=\"has-background has-vivid-cyan-blue-background-color\"><strong>La presidenta de la Comisi\u00f3n, diputada Mariela Ortiz, explic\u00f3 que el encuentro tuvo el objetivo de consensuar y trabajar en el Proyecto remitido por el Poder Ejecutivo para brindarle al sector tur\u00edstico las herramientas necesarias y fundamentales para afrontar la crisis generada por la pandemia mundial. \"Se est\u00e1 analizando la posibilidad de la reducci\u00f3n del 50% de tarifas de luz y agua; y beneficios impositivos con respecto a ingresos brutos y el impuesto inmobiliario\", afirm\u00f3 Ort\u00edz.<\/strong><\/p>\n\n\n\n<p>Por su parte, el ministro Posadas destac\u00f3 que se est\u00e1\ntratando de&nbsp; utilizar todas las\nherramientas del sector p\u00fablico provincial para poder salvar los 25 mil puestos\nde trabajo que hoy dependen del sector tur\u00edstico. \"Se aplicar\u00eda el principio\nde fuerza mayor, una herramienta clave para que los actores tur\u00edsticos puedan\nresguardarse. A nivel nacional no est\u00e1 previsto pero a nivel provincial nos\nparece importante darles esa herramienta a todos los privados\", afirm\u00f3.<\/p>\n\n\n\n<p>Asimismo, Posadas record\u00f3 que a partir del primero de junio\nse aplicar\u00e1 el plan Jujuy para los juje\u00f1os y que el mismo le dar\u00e1 un respiro al\nsector. \"El turismo es una actividad que tenemos que cuidar porque\nentendemos que cuando esto se normalice, la nueva normalidad como definen los\nexpertos, ser\u00e1 una de las actividades econ\u00f3micas que m\u00e1s nos permitir\u00e1\nreactivar la econom\u00eda provincial\", finaliz\u00f3 el Ministro de Turismo.<\/p>\n\n\n\n<p>Cabe destacar que la Comisi\u00f3n se reunir\u00e1 nuevamente ma\u00f1ana a\nlas 9 para definir las cuestiones t\u00e9cnicas y la incorporaci\u00f3n de sugerencias\nrealizadas por los diputados; para poder tratar el proyecto en la pr\u00f3xima\nsesi\u00f3n ordinaria.&nbsp;&nbsp; <\/p>\n","protected":false},"excerpt":{"rendered":"<p>La Comisi\u00f3n de Cultura y Turismo de la Legislatura se reuni\u00f3 con el ministro de Turismo provincial, Federico Posadas, y con representantes del sector para trabajar y analizar la Ley que declarar\u00eda la emergencia del sector tur\u00edstico en toda la provincia. La reducci\u00f3n del 50% de las tarifas de servicios p\u00fablicos y la habilitaci\u00f3n del [&hellip;]<\/p>\n","protected":false},"author":5,"featured_media":238713,"comment_status":"open","ping_status":"open","sticky":false,"template":"","format":"standard","meta":{"_stopmodifiedupdate":false,"_modified_date":"","inline_featured_image":false,"spay_email":"","jetpack_publicize_message":"La Comisi\u00f3n de Cultura y Turismo de la Legislatura se reuni\u00f3 con el ministro de Turismo provincial, Federico Posadas, y con representantes del sector para trabajar y analizar la Ley que declarar\u00eda la emergencia del sector tur\u00edstico en toda la provincia. La"},"categories":[514],"tags":[],"jetpack_featured_media_url":"https:\/\/notinor.com\/jujuy\/wp-content\/uploads\/2020\/05\/comturismo.jpg","jetpack_publicize_connections":[],"_links":{"self":[{"href":"https:\/\/notinor.com\/jujuy\/wp-json\/wp\/v2\/posts\/238712"}],"collection":[{"href":"https:\/\/notinor.com\/jujuy\/wp-json\/wp\/v2\/posts"}],"about":[{"href":"https:\/\/notinor.com\/jujuy\/wp-json\/wp\/v2\/types\/post"}],"author":[{"embeddable":true,"href":"https:\/\/notinor.com\/jujuy\/wp-json\/wp\/v2\/users\/5"}],"replies":[{"embeddable":true,"href":"https:\/\/notinor.com\/jujuy\/wp-json\/wp\/v2\/comments?post=238712"}],"version-history":[{"count":1,"href":"https:\/\/notinor.com\/jujuy\/wp-json\/wp\/v2\/posts\/238712\/revisions"}],"predecessor-version":[{"id":238714,"href":"https:\/\/notinor.com\/jujuy\/wp-json\/wp\/v2\/posts\/238712\/revisions\/238714"}],"wp:featuredmedia":[{"embeddable":true,"href":"https:\/\/notinor.com\/jujuy\/wp-json\/wp\/v2\/media\/238713"}],"wp:attachment":[{"href":"https:\/\/notinor.com\/jujuy\/wp-json\/wp\/v2\/media?parent=238712"}],"wp:term":[{"taxonomy":"category","embeddable":true,"href":"https:\/\/notinor.com\/jujuy\/wp-json\/wp\/v2\/categories?post=238712"},{"taxonomy":"post_tag","embeddable":true,"href":"https:\/\/notinor.com\/jujuy\/wp-json\/wp\/v2\/tags?post=238712"}],"curies":[{"name":"wp","href":"https:\/\/api.w.org\/{rel}","templated":true}]}}