{"id":238563,"date":"2020-05-10T14:11:28","date_gmt":"2020-05-10T17:11:28","guid":{"rendered":"https:\/\/notinor.com\/jujuy\/?p=238563"},"modified":"2020-05-10T14:11:34","modified_gmt":"2020-05-10T17:11:34","slug":"dictaron-prision-preventiva-efectiva-al-acusado-por-el-crimen-del-trinche-carlovich","status":"publish","type":"post","link":"https:\/\/notinor.com\/jujuy\/dictaron-prision-preventiva-efectiva-al-acusado-por-el-crimen-del-trinche-carlovich\/","title":{"rendered":"Dictaron prisi\u00f3n preventiva efectiva al acusado por el crimen del Trinche Carlovich"},"content":{"rendered":"\n<p>El juez Alejandro Negroni lo resolvi\u00f3 hoy tras una teleconferencia audiencia imputativa, por el delito de robo seguido de muerte en calidad de autor y en grado consumado. La pena va de un m\u00ednimo de 10 a\u00f1os a un m\u00e1ximo de 25.<\/p>\n\n\n\n<figure class=\"wp-block-image size-large\"><img decoding=\"async\" loading=\"lazy\" width=\"862\" height=\"485\" src=\"https:\/\/i1.wp.com\/notinor.com\/jujuy\/wp-content\/uploads\/2020\/05\/trinche-carlovich_862x485.png?fit=840%2C473&amp;ssl=1\" alt=\"\" class=\"wp-image-238564\" srcset=\"https:\/\/notinor.com\/jujuy\/wp-content\/uploads\/2020\/05\/trinche-carlovich_862x485.png 862w, https:\/\/notinor.com\/jujuy\/wp-content\/uploads\/2020\/05\/trinche-carlovich_862x485-649x365.png 649w, https:\/\/notinor.com\/jujuy\/wp-content\/uploads\/2020\/05\/trinche-carlovich_862x485-840x473.png 840w, https:\/\/notinor.com\/jujuy\/wp-content\/uploads\/2020\/05\/trinche-carlovich_862x485-500x280.png 500w, https:\/\/notinor.com\/jujuy\/wp-content\/uploads\/2020\/05\/trinche-carlovich_862x485-768x432.png 768w\" sizes=\"(max-width: 862px) 100vw, 862px\" \/><\/figure>\n\n\n\n<p class=\"has-background has-vivid-cyan-blue-background-color\">El juez de primera instancia Dr. Alejandro Negroni dict\u00f3 prisi\u00f3n preventiva efectiva por el plazo de ley al acusado por el crimen de Tom\u00e1s Felipe \"Trinche\" Carlovich, quien falleci\u00f3 el pasado 8 de mayo en el hospital Eva Per\u00f3n a causa del traumatismo que le provocaron en un violento asalto dos d\u00edas antes.<\/p>\n\n\n\n<p>Hoy se realiz\u00f3 una teleconferencia audiencia imputativa&nbsp;<strong>a J.A.M., de 32 a\u00f1os,&nbsp;por el delito de robo seguido de muerte en calidad de autor y en grado consumado<\/strong>, por el hecho ocurrido el pasado 6 de mayo, cerca de las 17:30, en las intersecci\u00f3n de Eva Per\u00f3n y Paran\u00e1 en la ciudad de Rosario.<\/p>\n\n\n\n<p>Seg\u00fan se detalla en la investigaci\u00f3n, a trav\u00e9s de la fiscal Dra. Georgina Pairola de la Unidad de Homicidios Dolosos, en ese momento\u00a0<strong>\"intercepta y se abalanza sobre la v\u00edctima Tom\u00e1s Felipe Carlovich, quien se dirig\u00eda a bordo de su bicicleta<\/strong>\u00a0por la v\u00eda p\u00fablica logrando que \u00e9ste cayera de la bicicleta sobre la calzada e intentara recuperar el rodado\".<\/p>\n\n\n\n<p> \"En ese momento,\u00a0<strong>el imputado lo empuja cayendo nuevamente golpeando fuertemente su cabeza contra el asfalto<\/strong>, aprovechando J.A.M. para huir a bordo de la bicicleta hacia calle Paran\u00e1 con direcci\u00f3n al norte, dejando en el lugar su bicicleta rodado 26 azul en la que circulaba\", agregan. La pena a la que se expone el acusado va de un m\u00ednimo de 10 a\u00f1os y un m\u00e1ximo de 25 a\u00f1os. <\/p>\n","protected":false},"excerpt":{"rendered":"<p>El juez Alejandro Negroni lo resolvi\u00f3 hoy tras una teleconferencia audiencia imputativa, por el delito de robo seguido de muerte en calidad de autor y en grado consumado. La pena va de un m\u00ednimo de 10 a\u00f1os a un m\u00e1ximo de 25. El juez de primera instancia Dr. Alejandro Negroni dict\u00f3 prisi\u00f3n preventiva efectiva por [&hellip;]<\/p>\n","protected":false},"author":37,"featured_media":238564,"comment_status":"open","ping_status":"open","sticky":false,"template":"","format":"standard","meta":{"_stopmodifiedupdate":false,"_modified_date":"","inline_featured_image":false,"spay_email":"","jetpack_publicize_message":"El juez Alejandro Negroni lo resolvi\u00f3 hoy tras una teleconferencia audiencia imputativa, por el delito de robo seguido de muerte en calidad de autor y en grado consumado. La pena va de un m\u00ednimo de 10 a\u00f1os a un m\u00e1ximo de 25."},"categories":[7],"tags":[],"jetpack_featured_media_url":"https:\/\/notinor.com\/jujuy\/wp-content\/uploads\/2020\/05\/trinche-carlovich_862x485.png","jetpack_publicize_connections":[],"_links":{"self":[{"href":"https:\/\/notinor.com\/jujuy\/wp-json\/wp\/v2\/posts\/238563"}],"collection":[{"href":"https:\/\/notinor.com\/jujuy\/wp-json\/wp\/v2\/posts"}],"about":[{"href":"https:\/\/notinor.com\/jujuy\/wp-json\/wp\/v2\/types\/post"}],"author":[{"embeddable":true,"href":"https:\/\/notinor.com\/jujuy\/wp-json\/wp\/v2\/users\/37"}],"replies":[{"embeddable":true,"href":"https:\/\/notinor.com\/jujuy\/wp-json\/wp\/v2\/comments?post=238563"}],"version-history":[{"count":1,"href":"https:\/\/notinor.com\/jujuy\/wp-json\/wp\/v2\/posts\/238563\/revisions"}],"predecessor-version":[{"id":238565,"href":"https:\/\/notinor.com\/jujuy\/wp-json\/wp\/v2\/posts\/238563\/revisions\/238565"}],"wp:featuredmedia":[{"embeddable":true,"href":"https:\/\/notinor.com\/jujuy\/wp-json\/wp\/v2\/media\/238564"}],"wp:attachment":[{"href":"https:\/\/notinor.com\/jujuy\/wp-json\/wp\/v2\/media?parent=238563"}],"wp:term":[{"taxonomy":"category","embeddable":true,"href":"https:\/\/notinor.com\/jujuy\/wp-json\/wp\/v2\/categories?post=238563"},{"taxonomy":"post_tag","embeddable":true,"href":"https:\/\/notinor.com\/jujuy\/wp-json\/wp\/v2\/tags?post=238563"}],"curies":[{"name":"wp","href":"https:\/\/api.w.org\/{rel}","templated":true}]}}