{"id":238560,"date":"2020-05-10T14:07:26","date_gmt":"2020-05-10T17:07:26","guid":{"rendered":"https:\/\/notinor.com\/jujuy\/?p=238560"},"modified":"2020-05-10T14:07:31","modified_gmt":"2020-05-10T17:07:31","slug":"wuhan-registra-su-primer-caso-en-mas-de-un-mes","status":"publish","type":"post","link":"https:\/\/notinor.com\/jujuy\/wuhan-registra-su-primer-caso-en-mas-de-un-mes\/","title":{"rendered":"Wuhan registra su primer caso en m\u00e1s de un mes"},"content":{"rendered":"\n<p>La ciudad china en la que naci\u00f3 la pandemia descubri\u00f3 el contagio de un hombre, por primera vez desde el 3 de abril.<\/p>\n\n\n\n<figure class=\"wp-block-image size-large\"><img decoding=\"async\" loading=\"lazy\" width=\"1600\" height=\"900\" src=\"https:\/\/i1.wp.com\/notinor.com\/jujuy\/wp-content\/uploads\/2020\/05\/200411013535-wuhan-salen-termina-cuarentena-confinamiento-residentes-viajes-coronavirus-digital-pkg-00001525-full-169.jpg?fit=840%2C473&amp;ssl=1\" alt=\"\" class=\"wp-image-238561\" srcset=\"https:\/\/notinor.com\/jujuy\/wp-content\/uploads\/2020\/05\/200411013535-wuhan-salen-termina-cuarentena-confinamiento-residentes-viajes-coronavirus-digital-pkg-00001525-full-169.jpg 1600w, https:\/\/notinor.com\/jujuy\/wp-content\/uploads\/2020\/05\/200411013535-wuhan-salen-termina-cuarentena-confinamiento-residentes-viajes-coronavirus-digital-pkg-00001525-full-169-649x365.jpg 649w, https:\/\/notinor.com\/jujuy\/wp-content\/uploads\/2020\/05\/200411013535-wuhan-salen-termina-cuarentena-confinamiento-residentes-viajes-coronavirus-digital-pkg-00001525-full-169-840x473.jpg 840w, https:\/\/notinor.com\/jujuy\/wp-content\/uploads\/2020\/05\/200411013535-wuhan-salen-termina-cuarentena-confinamiento-residentes-viajes-coronavirus-digital-pkg-00001525-full-169-500x280.jpg 500w, https:\/\/notinor.com\/jujuy\/wp-content\/uploads\/2020\/05\/200411013535-wuhan-salen-termina-cuarentena-confinamiento-residentes-viajes-coronavirus-digital-pkg-00001525-full-169-768x432.jpg 768w, https:\/\/notinor.com\/jujuy\/wp-content\/uploads\/2020\/05\/200411013535-wuhan-salen-termina-cuarentena-confinamiento-residentes-viajes-coronavirus-digital-pkg-00001525-full-169-1536x864.jpg 1536w\" sizes=\"(max-width: 1600px) 100vw, 1600px\" \/><\/figure>\n\n\n\n<p class=\"has-background has-vivid-cyan-blue-background-color\">China elev\u00f3 este domingo el nivel de riesgo epidemiol\u00f3gico en un barrio de\u00a0<strong>Wuhan<\/strong>, despu\u00e9s de descubrir un caso de\u00a0coronavirus, el primero en m\u00e1s de un mes en la cuna de la pandemia surgida a finales de 2019. Se trata de un hombre de 89 a\u00f1os.<\/p>\n\n\n\n<p>Un nuevo caso de covid-19 fue registrado en esa\u00a0gran ciudad\u00a0del centro del pa\u00eds particularmente golpeada por el virus y que permaneci\u00f3 m\u00e1s de dos meses en confinamiento estricto, anunci\u00f3 el domingo la Comisi\u00f3n Nacional de Salud. Es el\u00a0<strong>primer caso reportado desde el 3 de abril<\/strong>. <\/p>\n\n\n\n<p>El afectado es un anciano que reside en el distrito de Dongxihu, ubicado en el noroeste de Wuhan, seg\u00fan las autoridades locales. El nivel de riesgo epidemiol\u00f3gico en este barrio&nbsp;<strong>fue elevado de \"d\u00e9bil\" a \"medio<\/strong>\", agregan las fuentes.<br><\/p>\n\n\n\n<p>Wuhan era considerada como una zona de riesgo \"d\u00e9bil\" desde que se levant\u00f3 la cuarentena el 8 de abril y la actividad se reanud\u00f3 progresivamente. All\u00ed, los estudiantes de \u00faltimo a\u00f1o de secundaria volvieron el mi\u00e9rcoles a clases, todos con mascarillas y respetando las estrictas medidas sanitarias,\u00a0tras cuatro meses de vacaciones forzadas a causa del virus.<\/p>\n\n\n\n<p>Al margen del caso en Wuhan, China registr\u00f3 el domingo&nbsp;<strong>13 nuevos casos de covid-19 en su territorio<\/strong>. Es la primera vez desde el 1 de mayo que el pa\u00eds anuncia un aumento de dos d\u00edgitos del n\u00famero de contaminaciones en un d\u00eda.<\/p>\n\n\n\n<p>La inmensa mayor\u00eda de los nuevos casos est\u00e1n situados en el noreste del pa\u00eds, donde la ciudad de Shulan ha sido puesta en cuarentena.<\/p>\n\n\n\n<p>El s\u00e1bado, China admiti\u00f3 que el covid-19 revel\u00f3 \"lagunas\" en sus sistemas de salud y prevenci\u00f3n de enfermedades infecciosas, en momentos en que el presidente de Estados Unidos, Donald Trump, le critica su gesti\u00f3n de la crisis.<\/p>\n","protected":false},"excerpt":{"rendered":"<p>La ciudad china en la que naci\u00f3 la pandemia descubri\u00f3 el contagio de un hombre, por primera vez desde el 3 de abril. China elev\u00f3 este domingo el nivel de riesgo epidemiol\u00f3gico en un barrio de\u00a0Wuhan, despu\u00e9s de descubrir un caso de\u00a0coronavirus, el primero en m\u00e1s de un mes en la cuna de la pandemia [&hellip;]<\/p>\n","protected":false},"author":37,"featured_media":238561,"comment_status":"open","ping_status":"open","sticky":false,"template":"","format":"standard","meta":{"_stopmodifiedupdate":false,"_modified_date":"","inline_featured_image":false,"spay_email":"","jetpack_publicize_message":"La ciudad china en la que naci\u00f3 la pandemia descubri\u00f3 el contagio de un hombre, por primera vez desde el 3 de abril."},"categories":[6],"tags":[],"jetpack_featured_media_url":"https:\/\/notinor.com\/jujuy\/wp-content\/uploads\/2020\/05\/200411013535-wuhan-salen-termina-cuarentena-confinamiento-residentes-viajes-coronavirus-digital-pkg-00001525-full-169.jpg","jetpack_publicize_connections":[],"_links":{"self":[{"href":"https:\/\/notinor.com\/jujuy\/wp-json\/wp\/v2\/posts\/238560"}],"collection":[{"href":"https:\/\/notinor.com\/jujuy\/wp-json\/wp\/v2\/posts"}],"about":[{"href":"https:\/\/notinor.com\/jujuy\/wp-json\/wp\/v2\/types\/post"}],"author":[{"embeddable":true,"href":"https:\/\/notinor.com\/jujuy\/wp-json\/wp\/v2\/users\/37"}],"replies":[{"embeddable":true,"href":"https:\/\/notinor.com\/jujuy\/wp-json\/wp\/v2\/comments?post=238560"}],"version-history":[{"count":1,"href":"https:\/\/notinor.com\/jujuy\/wp-json\/wp\/v2\/posts\/238560\/revisions"}],"predecessor-version":[{"id":238562,"href":"https:\/\/notinor.com\/jujuy\/wp-json\/wp\/v2\/posts\/238560\/revisions\/238562"}],"wp:featuredmedia":[{"embeddable":true,"href":"https:\/\/notinor.com\/jujuy\/wp-json\/wp\/v2\/media\/238561"}],"wp:attachment":[{"href":"https:\/\/notinor.com\/jujuy\/wp-json\/wp\/v2\/media?parent=238560"}],"wp:term":[{"taxonomy":"category","embeddable":true,"href":"https:\/\/notinor.com\/jujuy\/wp-json\/wp\/v2\/categories?post=238560"},{"taxonomy":"post_tag","embeddable":true,"href":"https:\/\/notinor.com\/jujuy\/wp-json\/wp\/v2\/tags?post=238560"}],"curies":[{"name":"wp","href":"https:\/\/api.w.org\/{rel}","templated":true}]}}