{"id":238557,"date":"2020-05-10T14:03:17","date_gmt":"2020-05-10T17:03:17","guid":{"rendered":"https:\/\/notinor.com\/jujuy\/?p=238557"},"modified":"2020-05-10T14:03:23","modified_gmt":"2020-05-10T17:03:23","slug":"baja-el-numero-diario-de-muertos-a-niveles-de-hace-dos-meses","status":"publish","type":"post","link":"https:\/\/notinor.com\/jujuy\/baja-el-numero-diario-de-muertos-a-niveles-de-hace-dos-meses\/","title":{"rendered":"Baja el n\u00famero diario de muertos a niveles de hace dos meses"},"content":{"rendered":"\n<p>Sum\u00f3 165 fallecimientos en las \u00faltimas 24 horas, elevando el total a 30.560.<\/p>\n\n\n\n<figure class=\"wp-block-image size-large\"><img decoding=\"async\" loading=\"lazy\" width=\"1200\" height=\"675\" src=\"https:\/\/i0.wp.com\/notinor.com\/jujuy\/wp-content\/uploads\/2020\/05\/coronavirus_italia_2_crop1585078474799.jpg_554688468.jpg?fit=840%2C473&amp;ssl=1\" alt=\"\" class=\"wp-image-238558\" srcset=\"https:\/\/notinor.com\/jujuy\/wp-content\/uploads\/2020\/05\/coronavirus_italia_2_crop1585078474799.jpg_554688468.jpg 1200w, https:\/\/notinor.com\/jujuy\/wp-content\/uploads\/2020\/05\/coronavirus_italia_2_crop1585078474799.jpg_554688468-649x365.jpg 649w, https:\/\/notinor.com\/jujuy\/wp-content\/uploads\/2020\/05\/coronavirus_italia_2_crop1585078474799.jpg_554688468-840x473.jpg 840w, https:\/\/notinor.com\/jujuy\/wp-content\/uploads\/2020\/05\/coronavirus_italia_2_crop1585078474799.jpg_554688468-500x280.jpg 500w, https:\/\/notinor.com\/jujuy\/wp-content\/uploads\/2020\/05\/coronavirus_italia_2_crop1585078474799.jpg_554688468-768x432.jpg 768w\" sizes=\"(max-width: 1200px) 100vw, 1200px\" \/><\/figure>\n\n\n\n<p class=\"has-background has-vivid-cyan-blue-background-color\">Italia registr\u00f3 este domingo 165 nuevos fallecimientos en las \u00faltimas 24 horas, la cifra m\u00e1s baja desde el 9 de marzo, y suma ya 30.560 muertos desde el inicio de la emergencia por el\u00a0coronavirus\u00a0\u200ben el pa\u00eds en febrero, seg\u00fan el \u00faltimo balance oficial de Protecci\u00f3n Civil. El s\u00e1bado hab\u00eda contabilizado 194. <\/p>\n\n\n\n<p>El n\u00famero de contagios totales es de 219.070, es decir,\u00a0<strong>802 nuevos casos<\/strong>\u00a0desde el s\u00e1bado, el mejor dato desde el 6 de marzo. El d\u00eda anterior se hab\u00edan contado 1.082 nuevos infectados. <\/p>\n\n\n\n<p>Adem\u00e1s, en las \u00faltimas 24 horas hubo&nbsp;<strong>2.155 nuevos curados<\/strong>, llevando el total a 105.186. Tambi\u00e9n se sigue reduciendo el n\u00famero de hospitalizados (13.618) y de ingresados en unidades de cuidados intensivos (1.027). Actualmente son 83.324 las personas infectadas en todo el pa\u00eds.<\/p>\n\n\n\n<p>Ante este panorama, Italia empieza a pensar en c\u00f3mo ser\u00e1n sus pr\u00f3ximos meses.\u00a0\"Este verano no seguiremos en los balcones y\u00a0<strong>la belleza de Italia no permanecer\u00e1 en cuarentena<\/strong>. Podremos ir al mar, a las monta\u00f1as y disfrutar de nuestras ciudades\", asegur\u00f3 Conte en una entrevista publicada por el diario\u00a0<em>Corriere della Sera<\/em>.<\/p>\n\n\n\n<p>Y matiz\u00f3 que espera conocer m\u00e1s datos para observar c\u00f3mo evoluciona la curva de contagios antes de ofrecer indicaciones claras sobre c\u00f3mo se desarrollar\u00e1n este a\u00f1o las vacaciones de verano en el pa\u00eds.<\/p>\n\n\n\n<p>Adem\u00e1s, argument\u00f3 que \"ser\u00eda bueno\" que los italianos pasaran sus vacaciones en Italia, incluso si lo deben hacer \"con reglas y precauciones\", para poder ayudar al sector del turismo que representa&nbsp;<strong>el 13 % del producto interior bruto (PIB)<\/strong>&nbsp;y que se est\u00e1 viendo duramente afectado por esta pandemia del coronavirus.<\/p>\n\n\n\n<p>Italia comenz\u00f3 su desconfinamiento el pasado 4 de mayo con la reanudaci\u00f3n de actividades como la manufactura o la construcci\u00f3n, mientras que&nbsp;<strong>el 18 de mayo abrir\u00e1n museos y tiendas<\/strong>, y el 1 de junio restaurantes, bares, peluquer\u00edas y centros de est\u00e9tica.<\/p>\n\n\n\n<p>Tras las duras cr\u00edticas por parte de la oposici\u00f3n, que considera este plan demasiado estricto, el primer ministro reconoci\u00f3 que estudia que ciertas actividades y negocios puedan acelerar sus tiempos en las regiones en las que la curva de transmisiones est\u00e9 m\u00e1s controlada.<\/p>\n\n\n\n<p>\"Si a nivel epidemiol\u00f3gico la situaci\u00f3n permanece bajo control, podremos acordar algunos avances con las regiones\", sostuvo el primer ministro italiano.<\/p>\n\n\n\n<p>Los presidentes de varias regiones como las de Abruzos (centro), Calabria (sur), o Friuli Venezia Giulia, Liguria y Lombard\u00eda (norte) pidieron al Ejecutivo una reuni\u00f3n urgente para ma\u00f1ana para poder recibir indicaciones claras sobre qu\u00e9 restricciones se levantar\u00e1n a partir del 18 de mayo.<\/p>\n","protected":false},"excerpt":{"rendered":"<p>Sum\u00f3 165 fallecimientos en las \u00faltimas 24 horas, elevando el total a 30.560. Italia registr\u00f3 este domingo 165 nuevos fallecimientos en las \u00faltimas 24 horas, la cifra m\u00e1s baja desde el 9 de marzo, y suma ya 30.560 muertos desde el inicio de la emergencia por el\u00a0coronavirus\u00a0\u200ben el pa\u00eds en febrero, seg\u00fan el \u00faltimo balance [&hellip;]<\/p>\n","protected":false},"author":37,"featured_media":238558,"comment_status":"open","ping_status":"open","sticky":false,"template":"","format":"standard","meta":{"_stopmodifiedupdate":false,"_modified_date":"","inline_featured_image":false,"spay_email":"","jetpack_publicize_message":"Italia: Sum\u00f3 165 fallecimientos en las \u00faltimas 24 horas, elevando el total a 30.560."},"categories":[6],"tags":[],"jetpack_featured_media_url":"https:\/\/notinor.com\/jujuy\/wp-content\/uploads\/2020\/05\/coronavirus_italia_2_crop1585078474799.jpg_554688468.jpg","jetpack_publicize_connections":[],"_links":{"self":[{"href":"https:\/\/notinor.com\/jujuy\/wp-json\/wp\/v2\/posts\/238557"}],"collection":[{"href":"https:\/\/notinor.com\/jujuy\/wp-json\/wp\/v2\/posts"}],"about":[{"href":"https:\/\/notinor.com\/jujuy\/wp-json\/wp\/v2\/types\/post"}],"author":[{"embeddable":true,"href":"https:\/\/notinor.com\/jujuy\/wp-json\/wp\/v2\/users\/37"}],"replies":[{"embeddable":true,"href":"https:\/\/notinor.com\/jujuy\/wp-json\/wp\/v2\/comments?post=238557"}],"version-history":[{"count":1,"href":"https:\/\/notinor.com\/jujuy\/wp-json\/wp\/v2\/posts\/238557\/revisions"}],"predecessor-version":[{"id":238559,"href":"https:\/\/notinor.com\/jujuy\/wp-json\/wp\/v2\/posts\/238557\/revisions\/238559"}],"wp:featuredmedia":[{"embeddable":true,"href":"https:\/\/notinor.com\/jujuy\/wp-json\/wp\/v2\/media\/238558"}],"wp:attachment":[{"href":"https:\/\/notinor.com\/jujuy\/wp-json\/wp\/v2\/media?parent=238557"}],"wp:term":[{"taxonomy":"category","embeddable":true,"href":"https:\/\/notinor.com\/jujuy\/wp-json\/wp\/v2\/categories?post=238557"},{"taxonomy":"post_tag","embeddable":true,"href":"https:\/\/notinor.com\/jujuy\/wp-json\/wp\/v2\/tags?post=238557"}],"curies":[{"name":"wp","href":"https:\/\/api.w.org\/{rel}","templated":true}]}}