{"id":238554,"date":"2020-05-10T13:57:09","date_gmt":"2020-05-10T16:57:09","guid":{"rendered":"https:\/\/notinor.com\/jujuy\/?p=238554"},"modified":"2020-05-10T13:57:15","modified_gmt":"2020-05-10T16:57:15","slug":"sergio-massa-maximo-es-mas-parecido-a-nestor-que-a-cristina-en-su-forma-de-relacionarse","status":"publish","type":"post","link":"https:\/\/notinor.com\/jujuy\/sergio-massa-maximo-es-mas-parecido-a-nestor-que-a-cristina-en-su-forma-de-relacionarse\/","title":{"rendered":"Sergio Massa: \"M\u00e1ximo es m\u00e1s parecido a N\u00e9stor que a Cristina en su forma de relacionarse\""},"content":{"rendered":"\n<p>\"Es un grav\u00edsimo error pensar que M\u00e1ximo es un ap\u00e9ndice de su madre\", se\u00f1al\u00f3 el l\u00edder del frente renovador. <\/p>\n\n\n\n<figure class=\"wp-block-image size-large\"><img decoding=\"async\" loading=\"lazy\" width=\"1033\" height=\"688\" src=\"https:\/\/i1.wp.com\/notinor.com\/jujuy\/wp-content\/uploads\/2020\/05\/3248531w1033.jpg?fit=721%2C480&amp;ssl=1\" alt=\"\" class=\"wp-image-238555\" srcset=\"https:\/\/notinor.com\/jujuy\/wp-content\/uploads\/2020\/05\/3248531w1033.jpg 1033w, https:\/\/notinor.com\/jujuy\/wp-content\/uploads\/2020\/05\/3248531w1033-548x365.jpg 548w, https:\/\/notinor.com\/jujuy\/wp-content\/uploads\/2020\/05\/3248531w1033-721x480.jpg 721w, https:\/\/notinor.com\/jujuy\/wp-content\/uploads\/2020\/05\/3248531w1033-768x512.jpg 768w, https:\/\/notinor.com\/jujuy\/wp-content\/uploads\/2020\/05\/3248531w1033-400x266.jpg 400w\" sizes=\"(max-width: 1033px) 100vw, 1033px\" \/><\/figure>\n\n\n\n<p class=\"has-background has-vivid-cyan-blue-background-color\">El presidente de la C\u00e1mara de Diputados,\u00a0<strong>Sergio Massa\u00a0<\/strong>, volvi\u00f3 a elogiar al jefe de la bancada del Frente de Todos,\u00a0<strong>M\u00e1ximo Kirchner\u00a0<\/strong>, y dijo que no est\u00e1 pensando en una eventual candidatura presidencial en 2023.\u00a0<strong>\"Si a Alberto le va bien, ser\u00e1 reelecto. Si a Alberto le va mal, a todos nosotros nos va a ir mal.\u00a0<\/strong>Por lo tanto, en lo \u00fanico que tenemos que trabajar es en que a Alberto le vaya bien\", afirm\u00f3 afirm\u00f3 Massa en una entrevista con el diario\u00a0<em>Perfil\u00a0<\/em>.<\/p>\n\n\n\n<p>En ese marco, el l\u00edder del Frente Renovador&nbsp;<strong>se refiri\u00f3 a su v\u00ednculo con el l\u00edder de La C\u00e1mpora.&nbsp;<\/strong>\"Es un grav\u00edsimo error pensar que M\u00e1ximo es un ap\u00e9ndice de su madre\", se\u00f1al\u00f3.&nbsp;<strong>\"M\u00e1ximo es m\u00e1s parecido a N\u00e9stor que a Cristina en su forma de relacionarse con la gente.&nbsp;<\/strong>No es una cuesti\u00f3n de ideas o de la mirada del pa\u00eds, sino de trato cotidiano\", agreg\u00f3.<\/p>\n\n\n\n<p>D\u00edas atr\u00e1s, el presidente\u00a0<strong>Alberto Fern\u00e1ndez\u00a0<\/strong>sostuvo que Massa \"es el persona de su generaci\u00f3n que m\u00e1s se prepar\u00f3 para ser presidente\". Pero tambi\u00e9n elogi\u00f3 las capacidades del hijo de la vicepresidenta. \"Como en alg\u00fan momento ten\u00eda el deseo y la convicci\u00f3n, hoy no anidan ese deseo y esa convicci\u00f3n. No es una cosa en la que est\u00e9 pensando\", afirm\u00f3 el exintendente de Tigre.<\/p>\n\n\n\n<p>Massa, adem\u00e1s, se refiri\u00f3 a la suba de la imagen positiva de Fern\u00e1ndez en las encuestas por el manejo de la pandemia: \"El crecimiento de su popularidad permite agrandar la coalici\u00f3n\", dijo.<\/p>\n\n\n\n<h2 id=\"diferencias-internas\">Diferencias internas<\/h2>\n\n\n\n<p>Durante la pol\u00e9mica por la liberaci\u00f3n de presos, Massa se ubic\u00f3 en una posici\u00f3n m\u00e1s dura que la que sostuvo el Poder Ejecutivo en relaci\u00f3n con&nbsp;<strong>las excarcelaciones y prisiones domiciliarias&nbsp;<\/strong>ante el avance del coronavirus. \"Tampoco tengo que dejar de hacer lo que siento porque perder\u00eda sentido la esencia de la idea de coalici\u00f3n\", sostuvo.<\/p>\n\n\n\n<p>Y a\u00f1adi\u00f3: \"No solo en mi caso. A veces veo a&nbsp;<strong>Juan Grabois&nbsp;<\/strong>, que defiende algunas ideas, o veo a la gente de los movimientos sociales, o veo que en la discusi\u00f3n sobre el impuesto a la riqueza algunos sectores de nuestro bloque tienen una posici\u00f3n m\u00e1s dura que la del propio ministro de Econom\u00eda o la del Presidente. Bueno, es el valor y la riqueza de una coalici\u00f3n\".<\/p>\n\n\n\n<h2 id=\"otras-definiciones\">Otras definiciones<\/h2>\n\n\n\n<ul><li><strong>La renegociaci\u00f3n de la deuda:&nbsp;<\/strong>\"Si hay buena fe, puede haber entendimiento. Conf\u00edo en la buena fe. No dudo de la buena fe del gobierno argentino y conf\u00edo en la buena fe de los acreedores que en el fondo intentan maximizar su ganancia\"<\/li><li><strong>Elogios al jefe de gobierno porte\u00f1o:&nbsp;<\/strong>\"Por trabajo, por acci\u00f3n, por v\u00ednculo con su dirigencia, el PRO es mucho m\u00e1s Larreta que Macri\"<\/li><li><strong>La econom\u00eda:&nbsp;<\/strong>\"La gran diferencia con 2001 es que ahora hay un presidente\"<\/li><li><strong>Impuesto a la riqueza:&nbsp;<\/strong>\"Algunos en nuestro bloque tienen una posici\u00f3n m\u00e1s dura que la del propio ministro de Econom\u00eda o el Presidente\"<\/li><\/ul>\n","protected":false},"excerpt":{"rendered":"<p>\"Es un grav\u00edsimo error pensar que M\u00e1ximo es un ap\u00e9ndice de su madre\", se\u00f1al\u00f3 el l\u00edder del frente renovador. El presidente de la C\u00e1mara de Diputados,\u00a0Sergio Massa\u00a0, volvi\u00f3 a elogiar al jefe de la bancada del Frente de Todos,\u00a0M\u00e1ximo Kirchner\u00a0, y dijo que no est\u00e1 pensando en una eventual candidatura presidencial en 2023.\u00a0\"Si a Alberto [&hellip;]<\/p>\n","protected":false},"author":37,"featured_media":238555,"comment_status":"open","ping_status":"open","sticky":false,"template":"","format":"standard","meta":{"_stopmodifiedupdate":false,"_modified_date":"","inline_featured_image":false,"spay_email":"","jetpack_publicize_message":"\"Es un grav\u00edsimo error pensar que M\u00e1ximo es un ap\u00e9ndice de su madre\", se\u00f1al\u00f3 el l\u00edder del frente renovador. "},"categories":[501],"tags":[],"jetpack_featured_media_url":"https:\/\/notinor.com\/jujuy\/wp-content\/uploads\/2020\/05\/3248531w1033.jpg","jetpack_publicize_connections":[],"_links":{"self":[{"href":"https:\/\/notinor.com\/jujuy\/wp-json\/wp\/v2\/posts\/238554"}],"collection":[{"href":"https:\/\/notinor.com\/jujuy\/wp-json\/wp\/v2\/posts"}],"about":[{"href":"https:\/\/notinor.com\/jujuy\/wp-json\/wp\/v2\/types\/post"}],"author":[{"embeddable":true,"href":"https:\/\/notinor.com\/jujuy\/wp-json\/wp\/v2\/users\/37"}],"replies":[{"embeddable":true,"href":"https:\/\/notinor.com\/jujuy\/wp-json\/wp\/v2\/comments?post=238554"}],"version-history":[{"count":1,"href":"https:\/\/notinor.com\/jujuy\/wp-json\/wp\/v2\/posts\/238554\/revisions"}],"predecessor-version":[{"id":238556,"href":"https:\/\/notinor.com\/jujuy\/wp-json\/wp\/v2\/posts\/238554\/revisions\/238556"}],"wp:featuredmedia":[{"embeddable":true,"href":"https:\/\/notinor.com\/jujuy\/wp-json\/wp\/v2\/media\/238555"}],"wp:attachment":[{"href":"https:\/\/notinor.com\/jujuy\/wp-json\/wp\/v2\/media?parent=238554"}],"wp:term":[{"taxonomy":"category","embeddable":true,"href":"https:\/\/notinor.com\/jujuy\/wp-json\/wp\/v2\/categories?post=238554"},{"taxonomy":"post_tag","embeddable":true,"href":"https:\/\/notinor.com\/jujuy\/wp-json\/wp\/v2\/tags?post=238554"}],"curies":[{"name":"wp","href":"https:\/\/api.w.org\/{rel}","templated":true}]}}