{"id":238551,"date":"2020-05-10T13:52:59","date_gmt":"2020-05-10T16:52:59","guid":{"rendered":"https:\/\/notinor.com\/jujuy\/?p=238551"},"modified":"2020-05-10T13:53:04","modified_gmt":"2020-05-10T16:53:04","slug":"recta-final-de-la-nueva-unidad-de-cuidados-intensivos-en-el-hospital-pablo-soria","status":"publish","type":"post","link":"https:\/\/notinor.com\/jujuy\/recta-final-de-la-nueva-unidad-de-cuidados-intensivos-en-el-hospital-pablo-soria\/","title":{"rendered":"Recta final de la nueva unidad de cuidados intensivos en el Hospital Pablo Soria"},"content":{"rendered":"\n<p>En toda un ala de la manzana de nosocomio, donde antes funcion\u00f3 la escuela de Enfermer\u00eda. <\/p>\n\n\n\n<figure class=\"wp-block-image size-large\"><img decoding=\"async\" loading=\"lazy\" width=\"1024\" height=\"578\" src=\"https:\/\/i2.wp.com\/notinor.com\/jujuy\/wp-content\/uploads\/2020\/05\/HTAL-SORIA-1-1-1024x578-1.jpg?fit=840%2C474&amp;ssl=1\" alt=\"\" class=\"wp-image-238552\" srcset=\"https:\/\/notinor.com\/jujuy\/wp-content\/uploads\/2020\/05\/HTAL-SORIA-1-1-1024x578-1.jpg 1024w, https:\/\/notinor.com\/jujuy\/wp-content\/uploads\/2020\/05\/HTAL-SORIA-1-1-1024x578-1-647x365.jpg 647w, https:\/\/notinor.com\/jujuy\/wp-content\/uploads\/2020\/05\/HTAL-SORIA-1-1-1024x578-1-840x474.jpg 840w, https:\/\/notinor.com\/jujuy\/wp-content\/uploads\/2020\/05\/HTAL-SORIA-1-1-1024x578-1-768x434.jpg 768w\" sizes=\"(max-width: 1024px) 100vw, 1024px\" \/><\/figure>\n\n\n\n<p class=\"has-background has-vivid-cyan-blue-background-color\">Con tiempo r\u00e9cord de ejecuci\u00f3n, s\u00f3lo resta terminar un 10% de la obra que el Gobierno de Jujuy ejecuta a trav\u00e9s del Ministerio de Infraestructura para el sistema p\u00fablico de salud.\u00a0 Son 900m<sup>2\u00a0<\/sup>de un gran sector para 30 camas UTI (unidad de terapia intensiva) con sanitarios, otro de desinfecci\u00f3n de prendas y vestuarios de personal de Salud con espacios diferenciados para varones y mujeres, y los espec\u00edficos de log\u00edstica t\u00e9cnica y administrativa. <\/p>\n\n\n\n<p>El Ministerio de Infraestructura, a cargo de Carlos Stanic, ejecuta desde hace un mes la obra de nuevo sector de cuidados intensivos para el Hospital Pablo Soria, en toda un ala de la manzana de nosocomio, donde antes funcion\u00f3 la escuela de Enfermer\u00eda.<\/p>\n\n\n\n<p>La obra implic\u00f3 numerosas demoliciones tanto de mamposter\u00eda como de pisos, nueva mamposter\u00eda y pisos, nuevos cielorrasos, nuevo acceso para ambulancias, instalaciones sanitarias y el\u00e9ctricas con detalle para servicio de complejidad(iluminaci\u00f3n general, tomacorrientes con diferenciaci\u00f3n de circuitos por cama, tableros y trafos de aislaci\u00f3n), adecuaci\u00f3n y nuevas aberturas, ductos para sistemas de aire acondicionado, tabiquer\u00edas y estructuras de durlock, pintura epoxi (adecuada para servicios de salud del tipo intesivo), piso de porcelanato con junta epoxi, guardacamillas, entre otras.<\/p>\n\n\n\n<p>\u201cEstamos en un 90% de la obra que dotar\u00e1 al Hospital con un nuevo sector de terapia intensiva. Est\u00e1 quedando muy bien, y estamos contentos porque est\u00e1 quedando muy lindo: a quienes vimos la obra desde el principio, como para quienes conoc\u00edan la antigua escuela de Enfermer\u00eda que funcionaba en parte del espacio, es sorprendente\u201d, destac\u00f3 el ministro Stanic, quien sum\u00f3 que \u201ca nosotros en particular nos gratifica m\u00e1s porque en un tiempo \u00f3ptimo y r\u00e9cord hemos logrado lo que seguramente ser\u00e1 un orgullo para la salud p\u00fablica de la Provincia\u201d.<\/p>\n\n\n\n<p>El titular del Ministerio de Infraestructura ampli\u00f3 que en la obra \u201cse est\u00e1n terminando los \u00faltimos detalles\u201d y anticip\u00f3 que en d\u00edas pr\u00f3ximos se realizar\u00e1 la entrega a Salud. \u201cEsperamos que su destino no sea para el tratamiento del coronavirus, porque en la medida que nos sigamos cuidando las cosas pueden ir bien en ese sentido\u201d, anhel\u00f3 Stanic, quien tambi\u00e9n valor\u00f3 \u201cla decisi\u00f3n inteligente del Gobernador Gerardo Morales de preparar a la Provincia ante la pandemia\u201d. \u201cEsta es una obra que permanecer\u00e1 y queda para el futuro, hace m\u00e1s fuerte a Jujuy\u201d, cerr\u00f3 el ministro.<\/p>\n","protected":false},"excerpt":{"rendered":"<p>En toda un ala de la manzana de nosocomio, donde antes funcion\u00f3 la escuela de Enfermer\u00eda. Con tiempo r\u00e9cord de ejecuci\u00f3n, s\u00f3lo resta terminar un 10% de la obra que el Gobierno de Jujuy ejecuta a trav\u00e9s del Ministerio de Infraestructura para el sistema p\u00fablico de salud.\u00a0 Son 900m2\u00a0de un gran sector para 30 camas [&hellip;]<\/p>\n","protected":false},"author":37,"featured_media":238552,"comment_status":"open","ping_status":"open","sticky":false,"template":"","format":"standard","meta":{"_stopmodifiedupdate":false,"_modified_date":"","inline_featured_image":false,"spay_email":"","jetpack_publicize_message":"En toda un ala de la manzana de nosocomio, donde antes funcion\u00f3 la escuela de Enfermer\u00eda. "},"categories":[514],"tags":[],"jetpack_featured_media_url":"https:\/\/notinor.com\/jujuy\/wp-content\/uploads\/2020\/05\/HTAL-SORIA-1-1-1024x578-1.jpg","jetpack_publicize_connections":[],"_links":{"self":[{"href":"https:\/\/notinor.com\/jujuy\/wp-json\/wp\/v2\/posts\/238551"}],"collection":[{"href":"https:\/\/notinor.com\/jujuy\/wp-json\/wp\/v2\/posts"}],"about":[{"href":"https:\/\/notinor.com\/jujuy\/wp-json\/wp\/v2\/types\/post"}],"author":[{"embeddable":true,"href":"https:\/\/notinor.com\/jujuy\/wp-json\/wp\/v2\/users\/37"}],"replies":[{"embeddable":true,"href":"https:\/\/notinor.com\/jujuy\/wp-json\/wp\/v2\/comments?post=238551"}],"version-history":[{"count":1,"href":"https:\/\/notinor.com\/jujuy\/wp-json\/wp\/v2\/posts\/238551\/revisions"}],"predecessor-version":[{"id":238553,"href":"https:\/\/notinor.com\/jujuy\/wp-json\/wp\/v2\/posts\/238551\/revisions\/238553"}],"wp:featuredmedia":[{"embeddable":true,"href":"https:\/\/notinor.com\/jujuy\/wp-json\/wp\/v2\/media\/238552"}],"wp:attachment":[{"href":"https:\/\/notinor.com\/jujuy\/wp-json\/wp\/v2\/media?parent=238551"}],"wp:term":[{"taxonomy":"category","embeddable":true,"href":"https:\/\/notinor.com\/jujuy\/wp-json\/wp\/v2\/categories?post=238551"},{"taxonomy":"post_tag","embeddable":true,"href":"https:\/\/notinor.com\/jujuy\/wp-json\/wp\/v2\/tags?post=238551"}],"curies":[{"name":"wp","href":"https:\/\/api.w.org\/{rel}","templated":true}]}}