{"id":238542,"date":"2020-05-10T09:15:15","date_gmt":"2020-05-10T12:15:15","guid":{"rendered":"https:\/\/notinor.com\/jujuy\/?p=238542"},"modified":"2020-05-10T11:24:58","modified_gmt":"2020-05-10T14:24:58","slug":"mamani-pedro","status":"publish","type":"post","link":"https:\/\/notinor.com\/jujuy\/mamani-pedro\/","title":{"rendered":"MAMANI, Pedro"},"content":{"rendered":"\n<p class=\"has-background has-vivid-cyan-blue-background-color\"><strong>Falleci\u00f3 el d\u00eda 08 de mayo de 2020, a hs. 22:30. C.A.S.R. y B.P., a la edad de 58 a\u00f1os.  Su esposa: Justina Acho, sus hijos: Silvia, Gladys, Soledad, Jaime, Laura, Noelia, Roxana, y Paulina, sus nietos: Yonatan, Joel, Camila, Mauro, Franco, Luciana, Tatiana, Lael, Arnaldo, Alexander, Daniel, Gonzalo, Mateo, Aradon, su hija pol\u00edtica: N\u00e9lida Aguirre, sus tios, sus hermanas y dem\u00e1s familiares comunican a sus amistades y personas piadosas que sus restos fueron inhumados ayer 09 de mayo en el cementerio Nuestra Sra. del Carmen de La Quiaca. Ruegan elevar una oraci\u00f3n en su memoria. Servicio  de ceremonial y tanatopraxia empresa Futuro SRL, Ramirez de Velazco 137, S.S. de Jujuy, Tel. 0388-4240090,423406. Para Caruso SA.<\/strong><\/p>\n","protected":false},"excerpt":{"rendered":"<p>Falleci\u00f3 el d\u00eda 08 de mayo de 2020, a hs. 22:30. C.A.S.R. y B.P., a la edad de 58 a\u00f1os. Su esposa: Justina Acho, sus hijos: Silvia, Gladys, Soledad, Jaime, Laura, Noelia, Roxana, y Paulina, sus nietos: Yonatan, Joel, Camila, Mauro, Franco, Luciana, Tatiana, Lael, Arnaldo, Alexander, Daniel, Gonzalo, Mateo, Aradon, su hija pol\u00edtica: N\u00e9lida [&hellip;]<\/p>\n","protected":false},"author":5,"featured_media":134559,"comment_status":"open","ping_status":"open","sticky":false,"template":"","format":"standard","meta":{"_stopmodifiedupdate":false,"_modified_date":"","inline_featured_image":false,"spay_email":"","jetpack_publicize_message":""},"categories":[523],"tags":[],"jetpack_featured_media_url":"https:\/\/notinor.com\/jujuy\/wp-content\/uploads\/2017\/09\/Obituarios-1.jpg","jetpack_publicize_connections":[],"_links":{"self":[{"href":"https:\/\/notinor.com\/jujuy\/wp-json\/wp\/v2\/posts\/238542"}],"collection":[{"href":"https:\/\/notinor.com\/jujuy\/wp-json\/wp\/v2\/posts"}],"about":[{"href":"https:\/\/notinor.com\/jujuy\/wp-json\/wp\/v2\/types\/post"}],"author":[{"embeddable":true,"href":"https:\/\/notinor.com\/jujuy\/wp-json\/wp\/v2\/users\/5"}],"replies":[{"embeddable":true,"href":"https:\/\/notinor.com\/jujuy\/wp-json\/wp\/v2\/comments?post=238542"}],"version-history":[{"count":1,"href":"https:\/\/notinor.com\/jujuy\/wp-json\/wp\/v2\/posts\/238542\/revisions"}],"predecessor-version":[{"id":238543,"href":"https:\/\/notinor.com\/jujuy\/wp-json\/wp\/v2\/posts\/238542\/revisions\/238543"}],"wp:featuredmedia":[{"embeddable":true,"href":"https:\/\/notinor.com\/jujuy\/wp-json\/wp\/v2\/media\/134559"}],"wp:attachment":[{"href":"https:\/\/notinor.com\/jujuy\/wp-json\/wp\/v2\/media?parent=238542"}],"wp:term":[{"taxonomy":"category","embeddable":true,"href":"https:\/\/notinor.com\/jujuy\/wp-json\/wp\/v2\/categories?post=238542"},{"taxonomy":"post_tag","embeddable":true,"href":"https:\/\/notinor.com\/jujuy\/wp-json\/wp\/v2\/tags?post=238542"}],"curies":[{"name":"wp","href":"https:\/\/api.w.org\/{rel}","templated":true}]}}