{"id":238539,"date":"2020-05-10T09:08:58","date_gmt":"2020-05-10T12:08:58","guid":{"rendered":"https:\/\/notinor.com\/jujuy\/?p=238539"},"modified":"2020-05-10T11:15:00","modified_gmt":"2020-05-10T14:15:00","slug":"enrique-javier","status":"publish","type":"post","link":"https:\/\/notinor.com\/jujuy\/enrique-javier\/","title":{"rendered":"ENRIQUE, Javier"},"content":{"rendered":"\n<p class=\"has-background has-vivid-cyan-blue-background-color\"><strong>Falleci\u00f3 el d\u00eda 08 de mayo de 2020, a hs.23:30. C.A.S.R. y B.P., a la edad de 94 a\u00f1os.  Su esposa: Juana Jorge, sus hijoos: Nora  Mario, sus nietos, sus bisnietossus hermanos pol\u00edticos y dem\u00e1s familiares participa con profundo dolor su fallecimiento y comunican que sus restos fueron cremados en la ciudad de Salta ayer 09 de mayo. Despedimos con mucho dolor su partida Ritual de homenaje empresa La Piedad, Salta 727, Tel. 0388-4222487, l\u00ednea gratuita 0800-444-5274. <\/strong><\/p>\n","protected":false},"excerpt":{"rendered":"<p>Falleci\u00f3 el d\u00eda 08 de mayo de 2020, a hs.23:30. C.A.S.R. y B.P., a la edad de 94 a\u00f1os. Su esposa: Juana Jorge, sus hijoos: Nora Mario, sus nietos, sus bisnietossus hermanos pol\u00edticos y dem\u00e1s familiares participa con profundo dolor su fallecimiento y comunican que sus restos fueron cremados en la ciudad de Salta ayer [&hellip;]<\/p>\n","protected":false},"author":5,"featured_media":134559,"comment_status":"open","ping_status":"open","sticky":false,"template":"","format":"standard","meta":{"_stopmodifiedupdate":false,"_modified_date":"","inline_featured_image":false,"spay_email":"","jetpack_publicize_message":""},"categories":[523],"tags":[],"jetpack_featured_media_url":"https:\/\/notinor.com\/jujuy\/wp-content\/uploads\/2017\/09\/Obituarios-1.jpg","jetpack_publicize_connections":[],"_links":{"self":[{"href":"https:\/\/notinor.com\/jujuy\/wp-json\/wp\/v2\/posts\/238539"}],"collection":[{"href":"https:\/\/notinor.com\/jujuy\/wp-json\/wp\/v2\/posts"}],"about":[{"href":"https:\/\/notinor.com\/jujuy\/wp-json\/wp\/v2\/types\/post"}],"author":[{"embeddable":true,"href":"https:\/\/notinor.com\/jujuy\/wp-json\/wp\/v2\/users\/5"}],"replies":[{"embeddable":true,"href":"https:\/\/notinor.com\/jujuy\/wp-json\/wp\/v2\/comments?post=238539"}],"version-history":[{"count":1,"href":"https:\/\/notinor.com\/jujuy\/wp-json\/wp\/v2\/posts\/238539\/revisions"}],"predecessor-version":[{"id":238540,"href":"https:\/\/notinor.com\/jujuy\/wp-json\/wp\/v2\/posts\/238539\/revisions\/238540"}],"wp:featuredmedia":[{"embeddable":true,"href":"https:\/\/notinor.com\/jujuy\/wp-json\/wp\/v2\/media\/134559"}],"wp:attachment":[{"href":"https:\/\/notinor.com\/jujuy\/wp-json\/wp\/v2\/media?parent=238539"}],"wp:term":[{"taxonomy":"category","embeddable":true,"href":"https:\/\/notinor.com\/jujuy\/wp-json\/wp\/v2\/categories?post=238539"},{"taxonomy":"post_tag","embeddable":true,"href":"https:\/\/notinor.com\/jujuy\/wp-json\/wp\/v2\/tags?post=238539"}],"curies":[{"name":"wp","href":"https:\/\/api.w.org\/{rel}","templated":true}]}}