{"id":238533,"date":"2020-05-10T10:52:54","date_gmt":"2020-05-10T13:52:54","guid":{"rendered":"https:\/\/notinor.com\/jujuy\/?p=238533"},"modified":"2020-05-10T10:53:00","modified_gmt":"2020-05-10T13:53:00","slug":"enterate-quienes-cobraran-el-bono-de-10-000-del-11-al-15-de-mayo","status":"publish","type":"post","link":"https:\/\/notinor.com\/jujuy\/enterate-quienes-cobraran-el-bono-de-10-000-del-11-al-15-de-mayo\/","title":{"rendered":"Enterate qui\u00e9nes cobrar\u00e1n el bono de $10.000 del 11 al 15 de mayo"},"content":{"rendered":"\n<p>El Ingreso Familiar de Emergencia (IFE) continuar\u00e1 la\npr\u00f3xima semana seg\u00fan la terminaci\u00f3n del DNI y la primera letra del apellido.<\/p>\n\n\n\n<figure class=\"wp-block-image size-large\"><img decoding=\"async\" loading=\"lazy\" width=\"750\" height=\"394\" src=\"https:\/\/notinor.com\/jujuy\/wp-content\/uploads\/2020\/05\/ANSES-IFE.jpg\" alt=\"\" class=\"wp-image-238535\" srcset=\"https:\/\/notinor.com\/jujuy\/wp-content\/uploads\/2020\/05\/ANSES-IFE.jpg 750w, https:\/\/notinor.com\/jujuy\/wp-content\/uploads\/2020\/05\/ANSES-IFE-660x347.jpg 660w\" sizes=\"(max-width: 750px) 100vw, 750px\" \/><\/figure>\n\n\n\n<p class=\"has-background has-vivid-cyan-blue-background-color\"><strong>La Administraci\u00f3n Nacional de la Seguridad Social (Anses) continuar\u00e1 en los pr\u00f3ximos d\u00edas con el pago del bono de $10.000 correspondiente al Ingreso Familiar de Emergencia (IFE), que se empez\u00f3 a implementar con el objetivo de asistir a las personas m\u00e1s vulnerables frente a la pandemia del coronavirus.<\/strong><\/p>\n\n\n\n<p>Hasta la fecha, 3,5 millones resultaron beneficiarios y ya\ncobraron ese subsidio. Para facilitar el reparto de esos fondos, apenas asumi\u00f3\nal frente de la Anses, Mar\u00eda Fernanda Raverta, habilit\u00f3 un buscador que a\npartir del n\u00famero de documento indica la fecha y el lugar de pago.<\/p>\n\n\n\n<p>A su vez, se envi\u00f3 un mensaje de texto a los tel\u00e9fonos\ncelulares que registraron los beneficiarios con detalles sobre el d\u00eda y el\nlugar de cobro.<\/p>\n\n\n\n<p>El cronograma para pagar el IFE en mayo:<\/p>\n\n\n\n<p>\u2013 Lunes 11: cobrar\u00e1n quienes tengan DNI que finalizan en 1,\npero con inicial del apellido de la M a la Z.<\/p>\n\n\n\n<p>\u2013 Martes 12: cobrar\u00e1n los que tengan DNI que finalizan en 2,\npero con inicial del apellido de la A a la L.<\/p>\n\n\n\n<p>\u2013 Mi\u00e9rcoles 13: cobrar\u00e1n los que tengan DNI que finalizan en\n2, pero con inicial del apellido de la M a la Z.<\/p>\n\n\n\n<p>\u2013 Jueves 14: cobrar\u00e1n los que tengan DNI que finalizan en 3,\npero con inicial del apellido de la A a la L.<\/p>\n\n\n\n<p>\u2013 Viernes 15: cobrar\u00e1n los que tengan DNI que finalizan en\n3, pero con inicial del apellido de la M a la Z.<\/p>\n\n\n\n<p>\u2013 Lunes 18: cobrar\u00e1n los que tengan DNI que finalizan en 4,\npero con inicial del apellido de la A a la L.<\/p>\n\n\n\n<p>\u2013 Martes 19: cobrar\u00e1n los que tengan DNI que finalizan en 4,\npero con inicial del apellido de la M a la Z.<\/p>\n\n\n\n<p>\u2013 Mi\u00e9rcoles 20: cobrar\u00e1n los que tengan DNI que finalizan en\n5, pero con inicial del apellido de la A a la L.<\/p>\n\n\n\n<p>\u2013 Jueves 21: cobrar\u00e1n los que tengan DNI que finalizan en 5,\npero con inicial del apellido de la M a la Z.<\/p>\n\n\n\n<p>\u2013 Viernes 22: cobrar\u00e1n los que tengan DNI que finalizan en\n6, pero con inicial del apellido de la A a la L.<\/p>\n\n\n\n<p>\u2013 Martes 26: cobrar\u00e1n los que tengan DNI que finalizan en 6,\npero con inicial del apellido de la M a la Z.<\/p>\n\n\n\n<p>\u2013 Mi\u00e9rcoles 27: cobrar\u00e1n los que tengan DNI que finalizan en\n7, pero con inicial del apellido de la A a la L.<\/p>\n\n\n\n<p>\u2013 Jueves 28: cobrar\u00e1n los que tengan DNI que finalizan en 7,\npero con inicial del apellido de la M a la Z.<\/p>\n\n\n\n<p>\u2013 Viernes 29: cobrar\u00e1n los que tengan DNI que finalizan en\n8, pero con inicial del apellido de la A a la L.<\/p>\n\n\n\n<p>\u2013 Lunes 1 de junio: cobrar\u00e1n los que tengan DNI que\nfinalizan en 8, pero con inicial del apellido de la M a la Z.<\/p>\n\n\n\n<p>\u2013 Martes 2: cobrar\u00e1n los que tengan DNI que finalizan en 9,\npero con inicial del apellido de la A a la L.<\/p>\n\n\n\n<p>\u2013 Mi\u00e9rcoles 3: cobrar\u00e1n los que tengan DNI que finalizan en\n9, pero con inicial del apellido de la M a la Z.<\/p>\n\n\n\n<p>Las personas que hayan recibido la autorizaci\u00f3n para\npercibir la asistencia del IFE podr\u00e1n averiguar el lugar de cobro mediante la\np\u00e1gina web de la Anses. Tendr\u00e1n que ingresar al aplicativo \u201cConsult\u00e1 tu cobro\nde IFE\u201d, donde se le solicitar\u00e1 el n\u00famero de DNI y se les brindar\u00e1 fecha, lugar\ny modalidad de cobro.<\/p>\n","protected":false},"excerpt":{"rendered":"<p>El Ingreso Familiar de Emergencia (IFE) continuar\u00e1 la pr\u00f3xima semana seg\u00fan la terminaci\u00f3n del DNI y la primera letra del apellido. La Administraci\u00f3n Nacional de la Seguridad Social (Anses) continuar\u00e1 en los pr\u00f3ximos d\u00edas con el pago del bono de $10.000 correspondiente al Ingreso Familiar de Emergencia (IFE), que se empez\u00f3 a implementar con el [&hellip;]<\/p>\n","protected":false},"author":5,"featured_media":238535,"comment_status":"open","ping_status":"open","sticky":false,"template":"","format":"standard","meta":{"_stopmodifiedupdate":false,"_modified_date":"","inline_featured_image":false,"spay_email":"","jetpack_publicize_message":"El Ingreso Familiar de Emergencia (IFE) continuar\u00e1 la pr\u00f3xima semana seg\u00fan la terminaci\u00f3n del DNI y la primera letra del apellido."},"categories":[5],"tags":[],"jetpack_featured_media_url":"https:\/\/notinor.com\/jujuy\/wp-content\/uploads\/2020\/05\/ANSES-IFE.jpg","jetpack_publicize_connections":[],"_links":{"self":[{"href":"https:\/\/notinor.com\/jujuy\/wp-json\/wp\/v2\/posts\/238533"}],"collection":[{"href":"https:\/\/notinor.com\/jujuy\/wp-json\/wp\/v2\/posts"}],"about":[{"href":"https:\/\/notinor.com\/jujuy\/wp-json\/wp\/v2\/types\/post"}],"author":[{"embeddable":true,"href":"https:\/\/notinor.com\/jujuy\/wp-json\/wp\/v2\/users\/5"}],"replies":[{"embeddable":true,"href":"https:\/\/notinor.com\/jujuy\/wp-json\/wp\/v2\/comments?post=238533"}],"version-history":[{"count":1,"href":"https:\/\/notinor.com\/jujuy\/wp-json\/wp\/v2\/posts\/238533\/revisions"}],"predecessor-version":[{"id":238536,"href":"https:\/\/notinor.com\/jujuy\/wp-json\/wp\/v2\/posts\/238533\/revisions\/238536"}],"wp:featuredmedia":[{"embeddable":true,"href":"https:\/\/notinor.com\/jujuy\/wp-json\/wp\/v2\/media\/238535"}],"wp:attachment":[{"href":"https:\/\/notinor.com\/jujuy\/wp-json\/wp\/v2\/media?parent=238533"}],"wp:term":[{"taxonomy":"category","embeddable":true,"href":"https:\/\/notinor.com\/jujuy\/wp-json\/wp\/v2\/categories?post=238533"},{"taxonomy":"post_tag","embeddable":true,"href":"https:\/\/notinor.com\/jujuy\/wp-json\/wp\/v2\/tags?post=238533"}],"curies":[{"name":"wp","href":"https:\/\/api.w.org\/{rel}","templated":true}]}}