{"id":238524,"date":"2020-05-10T10:39:45","date_gmt":"2020-05-10T13:39:45","guid":{"rendered":"https:\/\/notinor.com\/jujuy\/?p=238524"},"modified":"2020-05-10T15:57:49","modified_gmt":"2020-05-10T18:57:49","slug":"ya-son-300-los-fallecidos-y-umento-la-edad-promedio-de-las-victimas","status":"publish","type":"post","link":"https:\/\/notinor.com\/jujuy\/ya-son-300-los-fallecidos-y-umento-la-edad-promedio-de-las-victimas\/","title":{"rendered":"Ya son 300 los fallecidos y aument\u00f3 la edad promedio de las v\u00edctimas"},"content":{"rendered":"\n<p>Ya son 300 las v\u00edctimas fatales en el pa\u00eds por coronavirus.\nEn las \u00faltimas 24 horas se confirmaron 165 casos, y la mayor\u00eda est\u00e1 en el AMBA.<\/p>\n\n\n\n<figure class=\"wp-block-image size-large\"><img decoding=\"async\" loading=\"lazy\" width=\"750\" height=\"399\" src=\"https:\/\/notinor.com\/jujuy\/wp-content\/uploads\/2020\/05\/VIRUS.jpg\" alt=\"\" class=\"wp-image-238527\" srcset=\"https:\/\/notinor.com\/jujuy\/wp-content\/uploads\/2020\/05\/VIRUS.jpg 750w, https:\/\/notinor.com\/jujuy\/wp-content\/uploads\/2020\/05\/VIRUS-660x351.jpg 660w\" sizes=\"(max-width: 750px) 100vw, 750px\" \/><\/figure>\n\n\n\n<p class=\"has-background has-vivid-cyan-blue-background-color\"><strong>En la noche del viernes, el presidente Alberto Fern\u00e1ndez anunci\u00f3 que la cuarentena obligatoria por el coronavirus continuar\u00e1 hasta el pr\u00f3ximo 24 de mayo.<\/strong><\/p>\n\n\n\n<p>A diferencia del resto del pa\u00eds, el \u00c1rea Metropolitana de\nBuenos Aires (AMBA), no avanzar\u00e1 de fase, aunque este lunes reabrir\u00e1n varios\ncomercios, siguiendo un estricto protocolo.<\/p>\n\n\n\n<p>Hubo 165 nuevos casos de coronavirus en las \u00faltimas 24 horas\ny el n\u00famero de fallecidos ya lleg\u00f3 a la barrera de los 300.<\/p>\n\n\n\n<p>Adem\u00e1s, seg\u00fan los datos aportados por el Ministerio de Salud\nde la Naci\u00f3n, hay m\u00e1s hombres que mujeres entre los afectados, brecha que se\nredujo notablemente entre los \u00faltimos d\u00edas.<\/p>\n\n\n\n<p>Al principio, hab\u00eda un 74% de personas muertas que eran\nhombres, mientras que el porcentaje actual es de 59%. Con respecto a los\ninfectados, los hombres ocuparon el 52,6%, mientras que las mujeres el 47,4%.<\/p>\n\n\n\n<p>En donde s\u00ed hubo un aumento fue en la edad promedio de los\ncasos fatales, que pas\u00f3 de los 69,3 a\u00f1os con el centenar inicial a 73,6 en la\nactualidad.<\/p>\n\n\n\n<p>Del total de esos casos, 390 (16,1%), son importados, 2.530\n(43,8%) son contactos estrechos de casos confirmados y 1.703 (29,5%) son casos\nde circulaci\u00f3n comunitaria y el resto se encuentra en investigaci\u00f3n\nepidemiol\u00f3gica.<\/p>\n\n\n\n<p>Carla Vizzotti, secretaria de Acceso a la Salud, inform\u00f3 que\nde los 71 testeos PCR realizados en barrios populares del \u00c1rea Metropolitana de\nBuenos Aires, 46 dieron resultado positivo, y destac\u00f3 que se est\u00e1 \u201clogrando el\nobjetivo de detectar precozmente\u201d a los infectados en situaciones\nsocioecon\u00f3micas que dificultan en aislamiento social ante la pandemia.<\/p>\n\n\n\n<p>La cifra total de casos contagiados en los barrios\nvulnerables ya lleg\u00f3 a los 470.<\/p>\n","protected":false},"excerpt":{"rendered":"<p>Ya son 300 las v\u00edctimas fatales en el pa\u00eds por coronavirus. En las \u00faltimas 24 horas se confirmaron 165 casos, y la mayor\u00eda est\u00e1 en el AMBA. En la noche del viernes, el presidente Alberto Fern\u00e1ndez anunci\u00f3 que la cuarentena obligatoria por el coronavirus continuar\u00e1 hasta el pr\u00f3ximo 24 de mayo. A diferencia del resto [&hellip;]<\/p>\n","protected":false},"author":5,"featured_media":238527,"comment_status":"open","ping_status":"open","sticky":false,"template":"","format":"standard","meta":{"_stopmodifiedupdate":false,"_modified_date":"","inline_featured_image":false,"spay_email":"","jetpack_publicize_message":"Ya son 300 las v\u00edctimas fatales en el pa\u00eds por coronavirus. En las \u00faltimas 24 horas se confirmaron 165 casos, y la mayor\u00eda est\u00e1 en el AMBA."},"categories":[5],"tags":[],"jetpack_featured_media_url":"https:\/\/notinor.com\/jujuy\/wp-content\/uploads\/2020\/05\/VIRUS.jpg","jetpack_publicize_connections":[],"_links":{"self":[{"href":"https:\/\/notinor.com\/jujuy\/wp-json\/wp\/v2\/posts\/238524"}],"collection":[{"href":"https:\/\/notinor.com\/jujuy\/wp-json\/wp\/v2\/posts"}],"about":[{"href":"https:\/\/notinor.com\/jujuy\/wp-json\/wp\/v2\/types\/post"}],"author":[{"embeddable":true,"href":"https:\/\/notinor.com\/jujuy\/wp-json\/wp\/v2\/users\/5"}],"replies":[{"embeddable":true,"href":"https:\/\/notinor.com\/jujuy\/wp-json\/wp\/v2\/comments?post=238524"}],"version-history":[{"count":2,"href":"https:\/\/notinor.com\/jujuy\/wp-json\/wp\/v2\/posts\/238524\/revisions"}],"predecessor-version":[{"id":238581,"href":"https:\/\/notinor.com\/jujuy\/wp-json\/wp\/v2\/posts\/238524\/revisions\/238581"}],"wp:featuredmedia":[{"embeddable":true,"href":"https:\/\/notinor.com\/jujuy\/wp-json\/wp\/v2\/media\/238527"}],"wp:attachment":[{"href":"https:\/\/notinor.com\/jujuy\/wp-json\/wp\/v2\/media?parent=238524"}],"wp:term":[{"taxonomy":"category","embeddable":true,"href":"https:\/\/notinor.com\/jujuy\/wp-json\/wp\/v2\/categories?post=238524"},{"taxonomy":"post_tag","embeddable":true,"href":"https:\/\/notinor.com\/jujuy\/wp-json\/wp\/v2\/tags?post=238524"}],"curies":[{"name":"wp","href":"https:\/\/api.w.org\/{rel}","templated":true}]}}