{"id":238516,"date":"2020-05-10T10:29:10","date_gmt":"2020-05-10T13:29:10","guid":{"rendered":"https:\/\/notinor.com\/jujuy\/?p=238516"},"modified":"2020-05-10T10:29:16","modified_gmt":"2020-05-10T13:29:16","slug":"el-fuerte-recibio-material-audiovisual-y-fotografico-para-su-promocion","status":"publish","type":"post","link":"https:\/\/notinor.com\/jujuy\/el-fuerte-recibio-material-audiovisual-y-fotografico-para-su-promocion\/","title":{"rendered":"El Fuerte recibi\u00f3 material audiovisual y fotogr\u00e1fico para su promoci\u00f3n"},"content":{"rendered":"\n<p>El Ministerio de Cultura y Turismo, a trav\u00e9s de la Direcci\u00f3n\nProvincial de Turismo, hizo entrega a la Comisi\u00f3n Municipal de El Fuerte de un\npaquete de material fotogr\u00e1fico y audiovisual de la oferta tur\u00edstica de la\nlocalidad, tanto de atractivos como de servicios.<\/p>\n\n\n\n<figure class=\"wp-block-image size-large\"><img decoding=\"async\" loading=\"lazy\" width=\"712\" height=\"480\" src=\"https:\/\/notinor.com\/jujuy\/wp-content\/uploads\/2020\/05\/el-fuerte-712x480.jpg\" alt=\"\" class=\"wp-image-238517\" srcset=\"https:\/\/notinor.com\/jujuy\/wp-content\/uploads\/2020\/05\/el-fuerte-712x480.jpg 712w, https:\/\/notinor.com\/jujuy\/wp-content\/uploads\/2020\/05\/el-fuerte-542x365.jpg 542w, https:\/\/notinor.com\/jujuy\/wp-content\/uploads\/2020\/05\/el-fuerte.jpg 748w\" sizes=\"(max-width: 712px) 100vw, 712px\" \/><\/figure>\n\n\n\n<p class=\"has-background has-vivid-cyan-blue-background-color\"><strong>El trabajo entregado consiste en un grupo de 246 fotograf\u00edas y de 10 c\u00e1psulas audiovisuales, con atractivos paisaj\u00edsticos de El Fuerte, y de actividades y de servicios de gastronom\u00eda que brindan emprendedores tur\u00edsticos de la zona.<\/strong><\/p>\n\n\n\n<p>El relevamiento fotogr\u00e1fico, la recopilaci\u00f3n audiovisual y\nla posterior edici\u00f3n de im\u00e1genes y videos fue realizado por el equipo t\u00e9cnico\ndel MinTur, como parte de las acciones de apoyo previstas concretar por el\norganismo y acordadas con los municipios a comienzos del corriente a\u00f1o.<\/p>\n\n\n\n<p>Sobre el particular, la directora provincial de Turismo,\nSandra Nazar, puntualiz\u00f3 que \u201cse trata de peque\u00f1as comunidades que son destinos\nemergentes que comienzan a mostrar su oferta tur\u00edstica y una de sus mayores\ndificultades es la de poder contar con material fotogr\u00e1fico y audiovisual que\nles permita promocionar sus atractivos, darlos a conocer\u201d.<\/p>\n\n\n\n<p>\u201cTodo el relevamiento se concret\u00f3 antes de la declaraci\u00f3n de\nla cuarentena \u2013record\u00f3 Nazar-, pudiendo el equipo del MinTur documentar en El\nFuerte no s\u00f3lo im\u00e1genes atractivas de circuitos que se pueden realizar, sino\nque al ser un pueblo peque\u00f1o se document\u00f3 todo lo relacionado a los servicios\ntur\u00edsticos, como comedores, campings y posadas, para que el visitante tenga una\nidea clara de lo que es la oferta tur\u00edstica de El Fuerte\u201d.<\/p>\n\n\n\n<p>Destac\u00f3 luego, que \u201cla importancia de esto para las comunas\nm\u00e1s peque\u00f1as, es que si este material lo tuvieran que hacer de forma privada,\nla mayor\u00eda de ellas tendr\u00eda problemas para afrontar el costo, de all\u00ed el apoyo\ncon esta acci\u00f3n encarada con recursos humanos propios del Ministerio y es el\nmomento oportuno para que el municipio aproveche este material y pueda brindar\na los juje\u00f1os la informaci\u00f3n necesaria para que se lleguen\u201d.<\/p>\n\n\n\n<p>Por su parte, la comisionada municipal de El Fuerte,\nCarolina L\u00f3pez, manifest\u00f3 que \u201ces un enorme trabajo el que estamos recibiendo y\nque sin dudas servir\u00e1 para la promoci\u00f3n del turismo en El Fuerte\u201d. De igual\nforma, agradeci\u00f3 al Ministerio de Cultura y Turismo, a la Direcci\u00f3n Provincial\nde Turismo, al equipo de trabajo \u201cy a los emprendedores de El Fuerte, que\ncolaboraron con todo para recibir a quienes fueron a hacer el trabajo de campo,\npara atenderlos y mostrarles todas las cosas con que se cuenta para recibir al\nturista\u201d, concluy\u00f3.<\/p>\n","protected":false},"excerpt":{"rendered":"<p>El Ministerio de Cultura y Turismo, a trav\u00e9s de la Direcci\u00f3n Provincial de Turismo, hizo entrega a la Comisi\u00f3n Municipal de El Fuerte de un paquete de material fotogr\u00e1fico y audiovisual de la oferta tur\u00edstica de la localidad, tanto de atractivos como de servicios. El trabajo entregado consiste en un grupo de 246 fotograf\u00edas y [&hellip;]<\/p>\n","protected":false},"author":5,"featured_media":238517,"comment_status":"open","ping_status":"open","sticky":false,"template":"","format":"standard","meta":{"_stopmodifiedupdate":false,"_modified_date":"","inline_featured_image":false,"spay_email":"","jetpack_publicize_message":"El Ministerio de Cultura y Turismo, a trav\u00e9s de la Direcci\u00f3n Provincial de Turismo, hizo entrega a la Comisi\u00f3n Municipal de El Fuerte de un paquete de material fotogr\u00e1fico y audiovisual de la oferta tur\u00edstica de la localidad, tanto de atractivos como de se"},"categories":[4],"tags":[],"jetpack_featured_media_url":"https:\/\/notinor.com\/jujuy\/wp-content\/uploads\/2020\/05\/el-fuerte.jpg","jetpack_publicize_connections":[],"_links":{"self":[{"href":"https:\/\/notinor.com\/jujuy\/wp-json\/wp\/v2\/posts\/238516"}],"collection":[{"href":"https:\/\/notinor.com\/jujuy\/wp-json\/wp\/v2\/posts"}],"about":[{"href":"https:\/\/notinor.com\/jujuy\/wp-json\/wp\/v2\/types\/post"}],"author":[{"embeddable":true,"href":"https:\/\/notinor.com\/jujuy\/wp-json\/wp\/v2\/users\/5"}],"replies":[{"embeddable":true,"href":"https:\/\/notinor.com\/jujuy\/wp-json\/wp\/v2\/comments?post=238516"}],"version-history":[{"count":1,"href":"https:\/\/notinor.com\/jujuy\/wp-json\/wp\/v2\/posts\/238516\/revisions"}],"predecessor-version":[{"id":238519,"href":"https:\/\/notinor.com\/jujuy\/wp-json\/wp\/v2\/posts\/238516\/revisions\/238519"}],"wp:featuredmedia":[{"embeddable":true,"href":"https:\/\/notinor.com\/jujuy\/wp-json\/wp\/v2\/media\/238517"}],"wp:attachment":[{"href":"https:\/\/notinor.com\/jujuy\/wp-json\/wp\/v2\/media?parent=238516"}],"wp:term":[{"taxonomy":"category","embeddable":true,"href":"https:\/\/notinor.com\/jujuy\/wp-json\/wp\/v2\/categories?post=238516"},{"taxonomy":"post_tag","embeddable":true,"href":"https:\/\/notinor.com\/jujuy\/wp-json\/wp\/v2\/tags?post=238516"}],"curies":[{"name":"wp","href":"https:\/\/api.w.org\/{rel}","templated":true}]}}