{"id":238506,"date":"2020-05-10T10:17:24","date_gmt":"2020-05-10T13:17:24","guid":{"rendered":"https:\/\/notinor.com\/jujuy\/?p=238506"},"modified":"2020-05-10T10:17:26","modified_gmt":"2020-05-10T13:17:26","slug":"emotiva-reapertura-del-paseo-de-las-plantas","status":"publish","type":"post","link":"https:\/\/notinor.com\/jujuy\/emotiva-reapertura-del-paseo-de-las-plantas\/","title":{"rendered":"Emotiva reapertura del \u201cPaseo de las Plantas\u201d"},"content":{"rendered":"\n<p>Organizado por APPOJUY y la Municipalidad de San Salvador de\nJujuy, luego de casi dos meses, volvi\u00f3 desplegar sus puestos de venta para engalanar\nnuestros jardines. Ahora en un espacio m\u00e1s amplio, en cumplimiento de las\nnormas establecidas por el COE provincial para su habilitaci\u00f3n.<\/p>\n\n\n\n<figure class=\"wp-block-image size-large\"><img decoding=\"async\" loading=\"lazy\" width=\"707\" height=\"480\" src=\"https:\/\/notinor.com\/jujuy\/wp-content\/uploads\/2020\/05\/chuli-paseo-de-las-plantas-2-1024x695-1-707x480.jpg\" alt=\"\" class=\"wp-image-238509\" srcset=\"https:\/\/notinor.com\/jujuy\/wp-content\/uploads\/2020\/05\/chuli-paseo-de-las-plantas-2-1024x695-1-707x480.jpg 707w, https:\/\/notinor.com\/jujuy\/wp-content\/uploads\/2020\/05\/chuli-paseo-de-las-plantas-2-1024x695-1-538x365.jpg 538w, https:\/\/notinor.com\/jujuy\/wp-content\/uploads\/2020\/05\/chuli-paseo-de-las-plantas-2-1024x695-1.jpg 750w\" sizes=\"(max-width: 707px) 100vw, 707px\" \/><\/figure>\n\n\n\n<p class=\"has-background has-vivid-cyan-blue-background-color\"><strong>Al respecto, el intendente de la ciudad, Ra\u00fal \u201cChuli\u201d Jorge, expres\u00f3 su benepl\u00e1cito y satisfacci\u00f3n \u201cno s\u00f3lo por la reapertura sino tambi\u00e9n por c\u00f3mo se est\u00e1 cumpliendo con el protocolo sanitario del COE; c\u00f3mo nos estamos cuidando entre todos acatando las normativas y medidas, permitiendo por un lado la recreaci\u00f3n de los vecinos y, por otro lado, que los productores puedan vender sus productos y seguir trabajando, reactivando as\u00ed la <\/strong>econom\u00eda\u201d.<\/p>\n\n\n\n<p>A su turno, el secretario de Planificaci\u00f3n, Desarrollo y\nModernizaci\u00f3n, Luciano C\u00f3rdoba, resalt\u00f3 el trabajo conjunto de las distintas\n\u00e1reas municipales que colaboraron \u201cestamos cumpliendo con todo lo que nos pidi\u00f3\nel COE, tomando medidas preventivas, triplicando la carteler\u00eda y se\u00f1alizaci\u00f3n,\nsobre las distancias a respetar, el uso obligatorio del barbijo y las medidas\nde higiene obligatorias para todos los comerciantes\u201d.<\/p>\n\n\n\n<p>Por su parte, el presidente del Concejo Deliberante de San\nSalvador de Jujuy, Lisandro Aguiar, destac\u00f3 \u201cla actitud muy responsable de\ntodos los vecinos y el accionar del Gobierno de la Provincia junto al\nMunicipal, que nos brindan esta posibilidad de no tener m\u00e1s casos de Covid-19\nen el \u00e1mbito de nuestra provincia y nuestra ciudad, lo que nos permite esta\nreapertura gradual de las distintas actividades\u201d.<\/p>\n\n\n\n<p>Finalmente, el presidente de APPOJUY, Eduardo Goyechea, puso\nde manifiesto el agradecimiento de toda la familia de los productores\nfloricultores asegurando, \u201ceste es un d\u00eda muy especial para nosotros, muy\nesperado; es una alegr\u00eda ya que somos productores que vivimos de esto y esta es\nnuestra forma de comercializaci\u00f3n. Extra\u00f1\u00e1bamos a nuestros clientes, a la\nfamilia juje\u00f1a que nos visita s\u00e1bado a s\u00e1bado\u201d.<\/p>\n\n\n\n<p>De esta manera la jornada comercial se llev\u00f3 a cabo en un\nhermoso y c\u00e1lido clima oto\u00f1al, con muchos vecinos habitu\u00e9s que esperaban la\nreapertura de la Paseo de Plantas con tantas ansias como los m\u00e1s de 40\nproductores que s\u00e1bado a s\u00e1bado los esperan con sus coloridas ofertas y\npropuestas.<\/p>\n\n\n\n<figure class=\"wp-block-image size-large\"><img decoding=\"async\" loading=\"lazy\" width=\"721\" height=\"480\" src=\"https:\/\/notinor.com\/jujuy\/wp-content\/uploads\/2020\/05\/feria-de-las-plantas-1-1024x682-1-721x480.jpg\" alt=\"\" class=\"wp-image-238510\" srcset=\"https:\/\/notinor.com\/jujuy\/wp-content\/uploads\/2020\/05\/feria-de-las-plantas-1-1024x682-1-721x480.jpg 721w, https:\/\/notinor.com\/jujuy\/wp-content\/uploads\/2020\/05\/feria-de-las-plantas-1-1024x682-1-549x365.jpg 549w, https:\/\/notinor.com\/jujuy\/wp-content\/uploads\/2020\/05\/feria-de-las-plantas-1-1024x682-1-400x266.jpg 400w, https:\/\/notinor.com\/jujuy\/wp-content\/uploads\/2020\/05\/feria-de-las-plantas-1-1024x682-1.jpg 750w\" sizes=\"(max-width: 721px) 100vw, 721px\" \/><\/figure>\n","protected":false},"excerpt":{"rendered":"<p>Organizado por APPOJUY y la Municipalidad de San Salvador de Jujuy, luego de casi dos meses, volvi\u00f3 desplegar sus puestos de venta para engalanar nuestros jardines. Ahora en un espacio m\u00e1s amplio, en cumplimiento de las normas establecidas por el COE provincial para su habilitaci\u00f3n. Al respecto, el intendente de la ciudad, Ra\u00fal \u201cChuli\u201d Jorge, [&hellip;]<\/p>\n","protected":false},"author":5,"featured_media":238508,"comment_status":"open","ping_status":"open","sticky":false,"template":"","format":"standard","meta":{"_stopmodifiedupdate":false,"_modified_date":"","inline_featured_image":false,"spay_email":"","jetpack_publicize_message":"Organizado por APPOJUY y la Municipalidad de San Salvador de Jujuy, luego de casi dos meses, volvi\u00f3 desplegar sus puestos de venta para engalanar nuestros jardines. Ahora en un espacio m\u00e1s amplio, en cumplimiento de las normas establecidas por el COE provi"},"categories":[514],"tags":[],"jetpack_featured_media_url":"https:\/\/notinor.com\/jujuy\/wp-content\/uploads\/2020\/05\/chuli-paseo-de-las-plantas.jpg","jetpack_publicize_connections":[],"_links":{"self":[{"href":"https:\/\/notinor.com\/jujuy\/wp-json\/wp\/v2\/posts\/238506"}],"collection":[{"href":"https:\/\/notinor.com\/jujuy\/wp-json\/wp\/v2\/posts"}],"about":[{"href":"https:\/\/notinor.com\/jujuy\/wp-json\/wp\/v2\/types\/post"}],"author":[{"embeddable":true,"href":"https:\/\/notinor.com\/jujuy\/wp-json\/wp\/v2\/users\/5"}],"replies":[{"embeddable":true,"href":"https:\/\/notinor.com\/jujuy\/wp-json\/wp\/v2\/comments?post=238506"}],"version-history":[{"count":1,"href":"https:\/\/notinor.com\/jujuy\/wp-json\/wp\/v2\/posts\/238506\/revisions"}],"predecessor-version":[{"id":238511,"href":"https:\/\/notinor.com\/jujuy\/wp-json\/wp\/v2\/posts\/238506\/revisions\/238511"}],"wp:featuredmedia":[{"embeddable":true,"href":"https:\/\/notinor.com\/jujuy\/wp-json\/wp\/v2\/media\/238508"}],"wp:attachment":[{"href":"https:\/\/notinor.com\/jujuy\/wp-json\/wp\/v2\/media?parent=238506"}],"wp:term":[{"taxonomy":"category","embeddable":true,"href":"https:\/\/notinor.com\/jujuy\/wp-json\/wp\/v2\/categories?post=238506"},{"taxonomy":"post_tag","embeddable":true,"href":"https:\/\/notinor.com\/jujuy\/wp-json\/wp\/v2\/tags?post=238506"}],"curies":[{"name":"wp","href":"https:\/\/api.w.org\/{rel}","templated":true}]}}