{"id":238392,"date":"2020-05-09T16:59:10","date_gmt":"2020-05-09T19:59:10","guid":{"rendered":"https:\/\/notinor.com\/jujuy\/?p=238392"},"modified":"2020-05-09T16:59:15","modified_gmt":"2020-05-09T19:59:15","slug":"curado-y-con-barbijo-el-primer-entrenamiento-de-paulo-dybala-tras-superar-el-coronavirus","status":"publish","type":"post","link":"https:\/\/notinor.com\/jujuy\/curado-y-con-barbijo-el-primer-entrenamiento-de-paulo-dybala-tras-superar-el-coronavirus\/","title":{"rendered":"Curado y con barbijo: el primer entrenamiento de Paulo Dybala tras superar el coronavirus"},"content":{"rendered":"\n<p>El cordob\u00e9s Paulo Dybala tuvo su primera pr\u00e1ctica en Juventus luego de superar el coronavirus y pasar una cuarentena de 46 d\u00edas.<\/p>\n\n\n\n<figure class=\"wp-block-image size-large\"><img decoding=\"async\" loading=\"lazy\" width=\"1033\" height=\"688\" src=\"https:\/\/i0.wp.com\/notinor.com\/jujuy\/wp-content\/uploads\/2020\/05\/3253688w1033.jpg?fit=721%2C480&amp;ssl=1\" alt=\"\" class=\"wp-image-238393\" srcset=\"https:\/\/notinor.com\/jujuy\/wp-content\/uploads\/2020\/05\/3253688w1033.jpg 1033w, https:\/\/notinor.com\/jujuy\/wp-content\/uploads\/2020\/05\/3253688w1033-548x365.jpg 548w, https:\/\/notinor.com\/jujuy\/wp-content\/uploads\/2020\/05\/3253688w1033-721x480.jpg 721w, https:\/\/notinor.com\/jujuy\/wp-content\/uploads\/2020\/05\/3253688w1033-768x512.jpg 768w, https:\/\/notinor.com\/jujuy\/wp-content\/uploads\/2020\/05\/3253688w1033-400x266.jpg 400w\" sizes=\"(max-width: 1033px) 100vw, 1033px\" \/><\/figure>\n\n\n\n<p class=\"has-background has-vivid-cyan-blue-background-color\">Despu\u00e9s de cursar el\u00a0<strong>coronavirus\u00a0<\/strong>y de estar\u00a0<strong>46 d\u00edas en aislamiento obligatorio\u00a0<\/strong>junto a su novia, Oriana Sabatini, el cordob\u00e9s\u00a0<strong>Paulo Dybala\u00a0<\/strong>tuvo hoy su primera pr\u00e1ctica en la\u00a0<strong>Juventus\u00a0<\/strong>, que se prepara para el\u00a0<strong>regreso de la Serie A\u00a0<\/strong>el mes pr\u00f3ximo. El futbolista formado en Instituto arrib\u00f3 a la ciudad deportiva de la\u00a0<strong>Vecchia Signora\u00a0<\/strong>en su camioneta y con el\u00a0<strong>barbijo puesto\u00a0<\/strong>. Salud\u00f3 a los pocos hinchas que esperaban en la puerta e ingres\u00f3 al centro de entrenamiento, donde hizo\u00a0<strong>ejercicios individuales\u00a0<\/strong>junto al resto de sus compa\u00f1eros respetando el protocolo sanitario impuesto. <\/p>\n\n\n\n<p>Seg\u00fan la prensa italiana, los movimientos del cordob\u00e9s fueron muy livianos: trotes y ejercicios f\u00edsicos para no forzar al cuerpo, que reci\u00e9n empieza a poner primera marcha hacia la recuperaci\u00f3n total. La aparici\u00f3n de Dybala en el centro de entrenamientos fue aprobada ayer, luego de una evaluaci\u00f3n m\u00e9dica que dur\u00f3 dos horas y media y en donde el futbolista fue revisado para descartar cualquier tipo de secuela de la enfermedad. El mi\u00e9rcoles, los \u00faltimos an\u00e1lisis de coronavirus ya hab\u00edan dado negativos. <\/p>\n\n\n\n<p> El jueves, y a trav\u00e9s de Instagram, el futbolista se alegr\u00f3 por la posibilidad de volver a los entrenamientos con sus compa\u00f1eros si es que la visita m\u00e9dica no arrojaba ning\u00fan problema de \u00faltimo momento. Se lo vio sonriente en una foto, y un mensaje contundente: \"Mi imagen lo dice todo, finalmente curado de Covid-19\". <\/p>\n\n\n\n<p>El 21 de marzo, Dybala y Sabatini confirmaron sus positivos en los tests de coronavirus: \"Hola a todos, quer\u00eda comunicarles que acabamos de recibir los resultados del test del Covid-19 y tanto Oriana como yo dimos positivo. Por fortuna nos encontramos en perfecto estado. Gracias por sus mensajes y un saludo a todos\", public\u00f3 el delantero de Juventus en su cuenta de Instagram. Seis semanas despu\u00e9s, y luego de que aparecieran rumores sobre un eventual cuarto positivo del delantero cordob\u00e9s (nunca confirmados por su club), tanto Dybala como su pareja est\u00e1n curados.<\/p>\n\n\n\n<figure class=\"wp-block-image\"><img decoding=\"async\" src=\"https:\/\/bucket3.glanacion.com\/anexos\/fotos\/89\/3253689w380.jpg\" alt=\"Paulo Dybala y un gesto de optimismo hacia sus fan\u00e1ticos, al llegar al club\"\/><\/figure>\n","protected":false},"excerpt":{"rendered":"<p>El cordob\u00e9s Paulo Dybala tuvo su primera pr\u00e1ctica en Juventus luego de superar el coronavirus y pasar una cuarentena de 46 d\u00edas. Despu\u00e9s de cursar el\u00a0coronavirus\u00a0y de estar\u00a046 d\u00edas en aislamiento obligatorio\u00a0junto a su novia, Oriana Sabatini, el cordob\u00e9s\u00a0Paulo Dybala\u00a0tuvo hoy su primera pr\u00e1ctica en la\u00a0Juventus\u00a0, que se prepara para el\u00a0regreso de la Serie A\u00a0el [&hellip;]<\/p>\n","protected":false},"author":37,"featured_media":238393,"comment_status":"open","ping_status":"open","sticky":false,"template":"","format":"standard","meta":{"_stopmodifiedupdate":false,"_modified_date":"","inline_featured_image":false,"spay_email":"","jetpack_publicize_message":"El cordob\u00e9s Paulo Dybala tuvo su primera pr\u00e1ctica en Juventus luego de superar el coronavirus y pasar una cuarentena de 46 d\u00edas."},"categories":[7],"tags":[],"jetpack_featured_media_url":"https:\/\/notinor.com\/jujuy\/wp-content\/uploads\/2020\/05\/3253688w1033.jpg","jetpack_publicize_connections":[],"_links":{"self":[{"href":"https:\/\/notinor.com\/jujuy\/wp-json\/wp\/v2\/posts\/238392"}],"collection":[{"href":"https:\/\/notinor.com\/jujuy\/wp-json\/wp\/v2\/posts"}],"about":[{"href":"https:\/\/notinor.com\/jujuy\/wp-json\/wp\/v2\/types\/post"}],"author":[{"embeddable":true,"href":"https:\/\/notinor.com\/jujuy\/wp-json\/wp\/v2\/users\/37"}],"replies":[{"embeddable":true,"href":"https:\/\/notinor.com\/jujuy\/wp-json\/wp\/v2\/comments?post=238392"}],"version-history":[{"count":1,"href":"https:\/\/notinor.com\/jujuy\/wp-json\/wp\/v2\/posts\/238392\/revisions"}],"predecessor-version":[{"id":238394,"href":"https:\/\/notinor.com\/jujuy\/wp-json\/wp\/v2\/posts\/238392\/revisions\/238394"}],"wp:featuredmedia":[{"embeddable":true,"href":"https:\/\/notinor.com\/jujuy\/wp-json\/wp\/v2\/media\/238393"}],"wp:attachment":[{"href":"https:\/\/notinor.com\/jujuy\/wp-json\/wp\/v2\/media?parent=238392"}],"wp:term":[{"taxonomy":"category","embeddable":true,"href":"https:\/\/notinor.com\/jujuy\/wp-json\/wp\/v2\/categories?post=238392"},{"taxonomy":"post_tag","embeddable":true,"href":"https:\/\/notinor.com\/jujuy\/wp-json\/wp\/v2\/tags?post=238392"}],"curies":[{"name":"wp","href":"https:\/\/api.w.org\/{rel}","templated":true}]}}