{"id":238386,"date":"2020-05-09T16:53:59","date_gmt":"2020-05-09T19:53:59","guid":{"rendered":"https:\/\/notinor.com\/jujuy\/?p=238386"},"modified":"2020-05-09T16:54:04","modified_gmt":"2020-05-09T19:54:04","slug":"que-dijeron-los-economistas-sobre-la-decision-de-extender-la-oferta-hasta-el-lunes","status":"publish","type":"post","link":"https:\/\/notinor.com\/jujuy\/que-dijeron-los-economistas-sobre-la-decision-de-extender-la-oferta-hasta-el-lunes\/","title":{"rendered":"Qu\u00e9 dijeron los economistas sobre la decisi\u00f3n de extender la oferta hasta el lunes"},"content":{"rendered":"\n<p>Mart\u00edn Guzm\u00e1n se reuni\u00f3 con Alberto Fern\u00e1ndez en Olivos; el Gobierno flexibiliz\u00f3 su postura y ahora busca negociar con los acreedores.<\/p>\n\n\n\n<figure class=\"wp-block-image size-large\"><img decoding=\"async\" loading=\"lazy\" width=\"1033\" height=\"688\" src=\"https:\/\/i1.wp.com\/notinor.com\/jujuy\/wp-content\/uploads\/2020\/05\/3251792w1033.jpg?fit=721%2C480&amp;ssl=1\" alt=\"\" class=\"wp-image-238387\" srcset=\"https:\/\/notinor.com\/jujuy\/wp-content\/uploads\/2020\/05\/3251792w1033.jpg 1033w, https:\/\/notinor.com\/jujuy\/wp-content\/uploads\/2020\/05\/3251792w1033-548x365.jpg 548w, https:\/\/notinor.com\/jujuy\/wp-content\/uploads\/2020\/05\/3251792w1033-721x480.jpg 721w, https:\/\/notinor.com\/jujuy\/wp-content\/uploads\/2020\/05\/3251792w1033-768x512.jpg 768w, https:\/\/notinor.com\/jujuy\/wp-content\/uploads\/2020\/05\/3251792w1033-400x266.jpg 400w\" sizes=\"(max-width: 1033px) 100vw, 1033px\" \/><\/figure>\n\n\n\n<p class=\"has-background has-vivid-cyan-blue-background-color\">Una postura fallida pero la voluntad de\u00a0<strong>acercar posiciones para lograr un acuerdo.\u00a0<\/strong>Con su decisi\u00f3n de\u00a0extender, inicialmente, hasta el lunes, el plazo\u00a0para dialogar con los acreedores y mantener su oferta, el Gobierno suma tiempo y, seg\u00fan los analistas consultados<strong>,\u00a0<\/strong>explicita su voluntad de negociar. Sin embargo, el bajo porcentaje de adhesi\u00f3n inicial erosiona su posici\u00f3n inicial y lo forzar\u00e1 a\u00a0<strong>ceder en alguna de sus posturas para brindar incentivos\u00a0<\/strong>a que los bonistas acepten su propuesta.<\/p>\n\n\n\n<p>\"La estrategia ahora se parece a lo que fue la negociaci\u00f3n fallida de Axel Kicillof por el bono BP21\", dice Mat\u00edas Rajnerman, economista jefe de la consultora Ecolatina, en referencia a la gesti\u00f3n de la provincia de Buenos Aires, que inicialmente plante\u00f3\u00a0<strong>una postura agresiva para postergar el pago,\u00a0<\/strong>luego extendi\u00f3 los plazos de su oferta y finalmente capitul\u00f3 y\u00a0pag\u00f3 el vencimiento para evitar el default.\u00a0\"Ac\u00e1 la posibilidad de pagar el vencimiento de US$503 millones de los bonos globales antes del 22 de mayo y seguir negociando es m\u00e1s lejana\", agrega el analista.<\/p>\n\n\n\n<p>Por su parte, Federico Furiase, director ejecutivo del estudio EcoGo, dice que concretar el pago, con la propuesta de canje en curso, representar\u00eda \"una p\u00e9rdida de credibilidad\", luego de que el planteo inicial de Guzm\u00e1n ratificaba que la oferta presentada ser\u00eda la \u00fanica.\u00a0<strong>\"Los tiempos est\u00e1n muy justos hasta el 22 de mayo,\u00a0<\/strong>donde vence el per\u00edodo de gracia de los globales, porque una nueva oferta tiene que estar 10 d\u00edas corriendo. El Gobierno podr\u00eda pagar los US$503 millones y extender los tiempos a julio, pero eso implicar\u00eda una p\u00e9rdida de credibilidad en el marco de la negociaci\u00f3n\", dijo el economista. \"Adem\u00e1s, implicar\u00eda\u00a0<strong>mayor p\u00e9rdida de reservas en un contexto de fuerte emisi\u00f3n monetaria y reservas netas escasas\",\u00a0<\/strong>agreg\u00f3.<\/p>\n\n\n\n<p>De todas maneras, los analistas coinciden en que el cambio de postura del Gobierno, que incluso reconoci\u00f3 esperar contraofertas por parte de los acreedores,&nbsp;<strong>muestra una mayor voluntad de negociar con los acreedores.&nbsp;<\/strong>Seg\u00fan Furiase, eso est\u00e1 motivado por \"el bajo nivel de aceptaci\u00f3n de la propuesta original\".<\/p>\n\n\n\n<p>Seg\u00fan Rajnerman, existen incentivos a ambos lados de la negociaci\u00f3n para llegar a un acuerdo, y eso se refleja en la din\u00e1mica de los mercados, con suba en la cotizaci\u00f3n de los bonos hasta el viernes. \"Obviamente con esta propuesta no se puede acordar.&nbsp;<strong>El Gobierno va a tener que ceder y flexibilizar su posici\u00f3n, y tambi\u00e9n los acreedores deber\u00e1n atenuar las pretensiones.&nbsp;<\/strong>Pero un 20% de adhesi\u00f3n, seg\u00fan los trascendidos, es un mal n\u00famero y marca que el Gobierno va a tener que mejorar su posici\u00f3n. No es garant\u00eda de nada pero es el puntapi\u00e9 inicial\", dice Rajnerman.<\/p>\n\n\n\n<p>\"Por otra parte, creo que el Gobierno es consciente de que para firmar un acuerdo muy desfavorable se puede hacer r\u00e1pido. Concretar un acuerdo que no favorezca al pa\u00eds o que en alg\u00fan punto va a tener que volver a reestructurarse en el mediano plazo porque es muy exigente para la Argentina se hace r\u00e1pido. En ese sentido, se est\u00e1 jugando con el margen que todav\u00eda queda para intentar algo m\u00e1s cercano a esta propuesta. Tambi\u00e9n es bastante claro que los acreedores no van a ceder tanto y que con la propuesta actual prefieren ir a juicio, pero se puede lograr un punto intermedio\", concluy\u00f3.<br><\/p>\n","protected":false},"excerpt":{"rendered":"<p>Mart\u00edn Guzm\u00e1n se reuni\u00f3 con Alberto Fern\u00e1ndez en Olivos; el Gobierno flexibiliz\u00f3 su postura y ahora busca negociar con los acreedores. Una postura fallida pero la voluntad de\u00a0acercar posiciones para lograr un acuerdo.\u00a0Con su decisi\u00f3n de\u00a0extender, inicialmente, hasta el lunes, el plazo\u00a0para dialogar con los acreedores y mantener su oferta, el Gobierno suma tiempo y, [&hellip;]<\/p>\n","protected":false},"author":37,"featured_media":238387,"comment_status":"open","ping_status":"open","sticky":false,"template":"","format":"standard","meta":{"_stopmodifiedupdate":false,"_modified_date":"","inline_featured_image":false,"spay_email":"","jetpack_publicize_message":"Mart\u00edn Guzm\u00e1n se reuni\u00f3 con Alberto Fern\u00e1ndez en Olivos; el Gobierno flexibiliz\u00f3 su postura y ahora busca negociar con los acreedores."},"categories":[676],"tags":[],"jetpack_featured_media_url":"https:\/\/notinor.com\/jujuy\/wp-content\/uploads\/2020\/05\/3251792w1033.jpg","jetpack_publicize_connections":[],"_links":{"self":[{"href":"https:\/\/notinor.com\/jujuy\/wp-json\/wp\/v2\/posts\/238386"}],"collection":[{"href":"https:\/\/notinor.com\/jujuy\/wp-json\/wp\/v2\/posts"}],"about":[{"href":"https:\/\/notinor.com\/jujuy\/wp-json\/wp\/v2\/types\/post"}],"author":[{"embeddable":true,"href":"https:\/\/notinor.com\/jujuy\/wp-json\/wp\/v2\/users\/37"}],"replies":[{"embeddable":true,"href":"https:\/\/notinor.com\/jujuy\/wp-json\/wp\/v2\/comments?post=238386"}],"version-history":[{"count":1,"href":"https:\/\/notinor.com\/jujuy\/wp-json\/wp\/v2\/posts\/238386\/revisions"}],"predecessor-version":[{"id":238388,"href":"https:\/\/notinor.com\/jujuy\/wp-json\/wp\/v2\/posts\/238386\/revisions\/238388"}],"wp:featuredmedia":[{"embeddable":true,"href":"https:\/\/notinor.com\/jujuy\/wp-json\/wp\/v2\/media\/238387"}],"wp:attachment":[{"href":"https:\/\/notinor.com\/jujuy\/wp-json\/wp\/v2\/media?parent=238386"}],"wp:term":[{"taxonomy":"category","embeddable":true,"href":"https:\/\/notinor.com\/jujuy\/wp-json\/wp\/v2\/categories?post=238386"},{"taxonomy":"post_tag","embeddable":true,"href":"https:\/\/notinor.com\/jujuy\/wp-json\/wp\/v2\/tags?post=238386"}],"curies":[{"name":"wp","href":"https:\/\/api.w.org\/{rel}","templated":true}]}}