{"id":238326,"date":"2020-05-09T10:58:25","date_gmt":"2020-05-09T13:58:25","guid":{"rendered":"https:\/\/notinor.com\/jujuy\/?p=238326"},"modified":"2020-05-09T10:58:30","modified_gmt":"2020-05-09T13:58:30","slug":"araoz-nelida-rosaura","status":"publish","type":"post","link":"https:\/\/notinor.com\/jujuy\/araoz-nelida-rosaura\/","title":{"rendered":"ARAOZ, N\u00e9lida Rosaura"},"content":{"rendered":"\n<p class=\"has-background has-vivid-cyan-blue-background-color\"><strong>Falleci\u00f3 el d\u00eda 08 de mayo de  2020, a hs. 05:00. C.A.S.R. y B.P., a la edad de 83 a\u00f1os. Sus hijos:  Carlos Oscar, Silvia N\u00e9lida y Oscar F\u00e9lix, sus hijos pol\u00edticos: Ana Mar\u00eda  Alibertti, Gustavo Monserrat y Ana Martinich, sus nietos: Roc\u00edo, Ana  Laura, Nahuel, Oscar, Juan, Sergio, Ana Gabriela y Oscar Agust\u00edn, su  hermana: Rosa, sus hermanos pol\u00edticos, sobrinos y dem\u00e1s familiares  participan con profundo dolor su fallecimiento y comunican que el  sepelio de sus restos se efectu\u00f3 ayer 8 de mayo en el  cementerio parque Jard\u00edn del Castillo. Ritual de homenaje empresa La  Piedad SA. Salta 727. Tel. 0388-4222487. L\u00ednea gratuita 0800-444-5274. <\/strong><\/p>\n","protected":false},"excerpt":{"rendered":"<p>Falleci\u00f3 el d\u00eda 08 de mayo de 2020, a hs. 05:00. C.A.S.R. y B.P., a la edad de 83 a\u00f1os. Sus hijos: Carlos Oscar, Silvia N\u00e9lida y Oscar F\u00e9lix, sus hijos pol\u00edticos: Ana Mar\u00eda Alibertti, Gustavo Monserrat y Ana Martinich, sus nietos: Roc\u00edo, Ana Laura, Nahuel, Oscar, Juan, Sergio, Ana Gabriela y Oscar Agust\u00edn, su [&hellip;]<\/p>\n","protected":false},"author":5,"featured_media":134559,"comment_status":"open","ping_status":"open","sticky":false,"template":"","format":"standard","meta":{"_stopmodifiedupdate":false,"_modified_date":"","inline_featured_image":false,"spay_email":"","jetpack_publicize_message":""},"categories":[523],"tags":[],"jetpack_featured_media_url":"https:\/\/notinor.com\/jujuy\/wp-content\/uploads\/2017\/09\/Obituarios-1.jpg","jetpack_publicize_connections":[],"_links":{"self":[{"href":"https:\/\/notinor.com\/jujuy\/wp-json\/wp\/v2\/posts\/238326"}],"collection":[{"href":"https:\/\/notinor.com\/jujuy\/wp-json\/wp\/v2\/posts"}],"about":[{"href":"https:\/\/notinor.com\/jujuy\/wp-json\/wp\/v2\/types\/post"}],"author":[{"embeddable":true,"href":"https:\/\/notinor.com\/jujuy\/wp-json\/wp\/v2\/users\/5"}],"replies":[{"embeddable":true,"href":"https:\/\/notinor.com\/jujuy\/wp-json\/wp\/v2\/comments?post=238326"}],"version-history":[{"count":1,"href":"https:\/\/notinor.com\/jujuy\/wp-json\/wp\/v2\/posts\/238326\/revisions"}],"predecessor-version":[{"id":238332,"href":"https:\/\/notinor.com\/jujuy\/wp-json\/wp\/v2\/posts\/238326\/revisions\/238332"}],"wp:featuredmedia":[{"embeddable":true,"href":"https:\/\/notinor.com\/jujuy\/wp-json\/wp\/v2\/media\/134559"}],"wp:attachment":[{"href":"https:\/\/notinor.com\/jujuy\/wp-json\/wp\/v2\/media?parent=238326"}],"wp:term":[{"taxonomy":"category","embeddable":true,"href":"https:\/\/notinor.com\/jujuy\/wp-json\/wp\/v2\/categories?post=238326"},{"taxonomy":"post_tag","embeddable":true,"href":"https:\/\/notinor.com\/jujuy\/wp-json\/wp\/v2\/tags?post=238326"}],"curies":[{"name":"wp","href":"https:\/\/api.w.org\/{rel}","templated":true}]}}