{"id":238324,"date":"2020-05-09T09:37:00","date_gmt":"2020-05-09T12:37:00","guid":{"rendered":"https:\/\/notinor.com\/jujuy\/?p=238324"},"modified":"2020-05-09T10:37:59","modified_gmt":"2020-05-09T13:37:59","slug":"mendoza-ana-rosario","status":"publish","type":"post","link":"https:\/\/notinor.com\/jujuy\/mendoza-ana-rosario\/","title":{"rendered":"MENDOZA, Ana Rosario"},"content":{"rendered":"\n<p class=\"has-background has-vivid-cyan-blue-background-color\"><strong>Falleci\u00f3 el d\u00eda 08 de mayo de  2020. C.A.S.R. y B.P., a la edad de 53 a\u00f1os. Sus hijos: Franco, Laura,  Ivone y Julio, su hijo pol\u00edtico: Ariel, sus nietos: Bautista, Lautaro e  Hilario, su compa\u00f1ero: Miguel y dem\u00e1s familiares y amigos participan con  profundo dolor y pesar su fallecimiento, comunican que sus restos ser\u00e1n  inhumados hoy 09 de mayo a hs. 12:00 en el cementerio de la localidad de  Volc\u00e1n. Ruegan elevar una oraci\u00f3n en su memoria por el eterno descanso  de su alma. Exequias servicios funerarios y tanatopraxia a cargo de  empresa \u201cNorte Servicios Sociales\u201d calle Salta 891 San Salvador de  Jujuy. Tel. 0388- 4242846 \u201cguardias las 24 horas al Tel. 3885860894\u201d  suc. Abra Pampa Avellaneda esq. Macedonio Graz Tel. 3884327153. <\/strong><\/p>\n","protected":false},"excerpt":{"rendered":"<p>Falleci\u00f3 el d\u00eda 08 de mayo de 2020. C.A.S.R. y B.P., a la edad de 53 a\u00f1os. Sus hijos: Franco, Laura, Ivone y Julio, su hijo pol\u00edtico: Ariel, sus nietos: Bautista, Lautaro e Hilario, su compa\u00f1ero: Miguel y dem\u00e1s familiares y amigos participan con profundo dolor y pesar su fallecimiento, comunican que sus restos ser\u00e1n [&hellip;]<\/p>\n","protected":false},"author":5,"featured_media":134559,"comment_status":"open","ping_status":"open","sticky":false,"template":"","format":"standard","meta":{"_stopmodifiedupdate":false,"_modified_date":"","inline_featured_image":false,"spay_email":"","jetpack_publicize_message":""},"categories":[523],"tags":[],"jetpack_featured_media_url":"https:\/\/notinor.com\/jujuy\/wp-content\/uploads\/2017\/09\/Obituarios-1.jpg","jetpack_publicize_connections":[],"_links":{"self":[{"href":"https:\/\/notinor.com\/jujuy\/wp-json\/wp\/v2\/posts\/238324"}],"collection":[{"href":"https:\/\/notinor.com\/jujuy\/wp-json\/wp\/v2\/posts"}],"about":[{"href":"https:\/\/notinor.com\/jujuy\/wp-json\/wp\/v2\/types\/post"}],"author":[{"embeddable":true,"href":"https:\/\/notinor.com\/jujuy\/wp-json\/wp\/v2\/users\/5"}],"replies":[{"embeddable":true,"href":"https:\/\/notinor.com\/jujuy\/wp-json\/wp\/v2\/comments?post=238324"}],"version-history":[{"count":1,"href":"https:\/\/notinor.com\/jujuy\/wp-json\/wp\/v2\/posts\/238324\/revisions"}],"predecessor-version":[{"id":238325,"href":"https:\/\/notinor.com\/jujuy\/wp-json\/wp\/v2\/posts\/238324\/revisions\/238325"}],"wp:featuredmedia":[{"embeddable":true,"href":"https:\/\/notinor.com\/jujuy\/wp-json\/wp\/v2\/media\/134559"}],"wp:attachment":[{"href":"https:\/\/notinor.com\/jujuy\/wp-json\/wp\/v2\/media?parent=238324"}],"wp:term":[{"taxonomy":"category","embeddable":true,"href":"https:\/\/notinor.com\/jujuy\/wp-json\/wp\/v2\/categories?post=238324"},{"taxonomy":"post_tag","embeddable":true,"href":"https:\/\/notinor.com\/jujuy\/wp-json\/wp\/v2\/tags?post=238324"}],"curies":[{"name":"wp","href":"https:\/\/api.w.org\/{rel}","templated":true}]}}