{"id":238323,"date":"2020-05-09T10:43:09","date_gmt":"2020-05-09T13:43:09","guid":{"rendered":"https:\/\/notinor.com\/jujuy\/?p=238323"},"modified":"2020-05-09T10:43:13","modified_gmt":"2020-05-09T13:43:13","slug":"rinden-homenaje-a-trabajadores-de-la-salud-con-fuegos-artificiales-y-espectaculo-laser-en-tultepec","status":"publish","type":"post","link":"https:\/\/notinor.com\/jujuy\/rinden-homenaje-a-trabajadores-de-la-salud-con-fuegos-artificiales-y-espectaculo-laser-en-tultepec\/","title":{"rendered":"Rinden homenaje a trabajadores de la salud con fuegos artificiales y espect\u00e1culo l\u00e1ser en Tultepec"},"content":{"rendered":"\n<p> Gracias m\u00e9dicos y enfermeras\u201d o \u201cQu\u00e9date en casa\u201d fueron algunos de los mensajes que brillaron esta noche en la llamada capital de la p\u00f3lvora <\/p>\n\n\n\n<figure class=\"wp-block-image is-resized\"><img decoding=\"async\" loading=\"lazy\" src=\"https:\/\/www.infobae.com\/new-resizer\/TCWodGZpFAj5IpP9B3neFSN9sCw=\/420x236\/filters:format(jpg):quality(70)\/\/arc-anglerfish-arc2-prod-infobae.s3.amazonaws.com\/public\/OSN4MNNWYJGDXARVMTAITAFXIM.jpg\" alt=\"Rinden homenaje a m\u00e9dicos y enfermeras en Tultepec con espect\u00e1culo l\u00e1ser y de fuegos artificiales (Foto: Facebook Feria Internacional de la Pirotecnia Tultepec Fans)\" width=\"544\" height=\"306\"\/><\/figure>\n\n\n\n<p>La pandemia por coronavirus hizo que cientos de festivales culturales a lo largo y ancho del territorio mexicano tuvieran que ser cancelados o, en el mejor de los casos<strong>, reprogramados para fechas a partir de octubre y hacia la recta final del a\u00f1o.<\/strong><\/p>\n\n\n\n<p>Sin embargo, hay nuevas festividades en desarrollo y otras que se llevaron a cabo en medio de la pandemia por coronavirus, tal es el caso de los residentes de Tultepec, quienes&nbsp;<strong>decidieron organizar un espect\u00e1culo&nbsp;<\/strong>de luces y fuegos pirot\u00e9nicos con una noble causa detr\u00e1s.<\/p>\n\n\n\n<p>A trav\u00e9s de las redes sociales oficiales del evento que tuvo su edici\u00f3n del 6 al 15 de marzo de 2020, se dio a conocer que&nbsp;<strong>con m\u00fasica, show l\u00e1ser y pirotecnia, dar\u00edan a los trabajadores del sector salud<\/strong>&nbsp;en todo el pa\u00eds, aunque de manera muy especial en el Estado de M\u00e9xico,&nbsp;<strong>el homenaje que se merecen.<\/strong><\/p>\n\n\n\n<p>Este viernes 8 de mayo de 2020 tuvieron lugar, en la tierra famosa por su producci\u00f3n de p\u00f3lvora y creaci\u00f3n de fuegos artificiales<strong>, tres diferentes eventos nocturnos en homenaje a los doctores, doctoras, enfermeras, enfermos<\/strong>&nbsp;y todos aquellos involucrados con las instituciones m\u00e9dicas que combaten el COVID-19.<\/p>\n\n\n\n<p>El homenaje se fue organizado por la<strong>&nbsp;Uni\u00f3n de Pirot\u00e9cnicos la Saucera Tultepec A.C<\/strong>&nbsp;(UPSAT), presidida por Margarito Oviedo, junto con la&nbsp;<strong>Direcci\u00f3n de Desarrollo de la Pirotecnia del<\/strong>&nbsp;gobierno municipal, a cargo Juventino Luna Rodr\u00edguez.<\/p>\n\n\n\n<figure class=\"wp-block-image is-resized\"><img decoding=\"async\" loading=\"lazy\" src=\"https:\/\/www.infobae.com\/new-resizer\/B5YEBvfv6jvzweGaUwNVkpGffpg=\/420x236\/filters:format(jpg):quality(70)\/\/arc-anglerfish-arc2-prod-infobae.s3.amazonaws.com\/public\/G66H4DDGMFCI5PLGUCSWDNG3VI.jpg\" alt=\"Rinden homenaje a m\u00e9dicos y enfermeras en Tultepec con espect\u00e1culo l\u00e1ser y de fuegos artificiales (Foto: Facebook Feria Internacional de la Pirotecnia Tultepec Fans)\" width=\"551\" height=\"309\"\/><\/figure>\n\n\n\n<p>Los horarios 8:30, 9:30 y 10:30 de la noche, mismos que se transmitieron a trav\u00e9s del Facebook&nbsp;<strong>\u201cFeria Internacional de la Pirotecnia Tultepec Fans\u201d<\/strong>, creado por residentes del municipio para juntar en un solo espacio su esp\u00edritu de fiesta.<\/p>\n\n\n\n<p><strong>A ritmo de la cl\u00e1sica melod\u00eda mexicana de \u201cCielito Lindo\u201d<\/strong>&nbsp;-compuesta por Quirino Mendoza y Cort\u00e9s-, el cielo se llen\u00f3 de luz, a la vez que la cruz monumental de 35 metros de altura del pante\u00f3n municipal de Xahuento recib\u00eda en la superficie una dosis de espect\u00e1culos l\u00e1ser con diferentes mensajes de apoyo.<\/p>\n\n\n\n<p><strong>\u201cGracias m\u00e9dicos y enfermeras\u201d, \u201cTultepec capital de la pirot\u00e9cnia\u201d, \u201cGracias instituciones de salud\u201d, \u201cQu\u00e9date en casa\u201d, \u201cL\u00e1vate las manos\u201d y \u201cFuerza M\u00e9xico\u201d&nbsp;<\/strong>fueron algunos de los mensajes que llegaron a toda la gente que pudo presenciarlo de cerca o a trav\u00e9s de las pantallas de sus dispositivos electr\u00f3nicos.<\/p>\n\n\n\n<p>El show tambi\u00e9n pudo verse a ocho kil\u00f3metros a la redonda, desde los&nbsp;<strong>municipios de Cuautitl\u00e1n, Tultitl\u00e1n, Coacalco, Zumpango, Melchor Ocampo, Jaltenco, Nextlalpan, Tonanitla y Tultepec<\/strong>, de acuerdo con los datos de&nbsp;<em>Excelsior<\/em>.<\/p>\n\n\n\n<figure class=\"wp-block-image is-resized\"><img decoding=\"async\" loading=\"lazy\" src=\"https:\/\/www.infobae.com\/new-resizer\/CuGDxKXvB33MshwvygiF34Ru-UA=\/420x236\/filters:format(jpg):quality(70)\/\/arc-anglerfish-arc2-prod-infobae.s3.amazonaws.com\/public\/AXXSJ2Z3BJDRBFQUNFOD32Z2D4.jpg\" alt=\"Rinden homenaje a m\u00e9dicos y enfermeras en Tultepec con espect\u00e1culo l\u00e1ser y de fuegos artificiales (Foto: Facebook Feria Internacional de la Pirotecnia Tultepec Fans)\" width=\"520\" height=\"292\"\/><\/figure>\n\n\n\n<p>Rinden homenaje a m\u00e9dicos y enfermeras en Tultepec con espect\u00e1culo l\u00e1ser y de fuegos artificiales (Foto: Facebook Feria Internacional de la Pirotecnia Tultepec Fans)<\/p>\n\n\n\n<p>A lo largo de la cuarentena se han realizado diferentes homenajes y de todo tipo para los trabajadores de la salud. Los&nbsp;<strong>vecinos del multifamiliar Miguel Alem\u00e1n<\/strong>, en la colonia Del Valle de la Ciudad de M\u00e9xico, por ejemplo, salieron para&nbsp;<strong>cantar el Himno a la Alegr\u00eda<\/strong>, un cl\u00e1sico de Billy Preston y Rasputin Boutte.<\/p>\n\n\n\n<p>De acuerdo a la&nbsp;<strong>Comunidad de Vecinos Del Valle<\/strong>, la principal raz\u00f3n de esta iniciativa fue&nbsp;<strong>apoyar a los m\u00e9dicos que atienden pacientes con COVID-19<\/strong>. Cerca del multifamiliar se ubican varios hospitales como el&nbsp;<strong>Centro M\u00e9dico Nacional \u201c20 de Noviembre\u201d del&nbsp;<\/strong>Instituto de Seguridad y Servicios Sociales de los Trabajadores del Estado (ISSSTE).<\/p>\n\n\n\n<p>El homenaje de los inquilinos se repiti\u00f3 cada noche desde aproximadamente el 18 de abril&nbsp;<strong>con aplausos y porras para m\u00e9dicos, enfermeras, camilleros, equipo de aseo del hospital y a todos los que resisten a\u00fan con los problemas en la salud que causa el virus.<\/strong><\/p>\n","protected":false},"excerpt":{"rendered":"<p>Gracias m\u00e9dicos y enfermeras\u201d o \u201cQu\u00e9date en casa\u201d fueron algunos de los mensajes que brillaron esta noche en la llamada capital de la p\u00f3lvora La pandemia por coronavirus hizo que cientos de festivales culturales a lo largo y ancho del territorio mexicano tuvieran que ser cancelados o, en el mejor de los casos, reprogramados para [&hellip;]<\/p>\n","protected":false},"author":40,"featured_media":238327,"comment_status":"open","ping_status":"open","sticky":false,"template":"","format":"standard","meta":{"_stopmodifiedupdate":false,"_modified_date":"","inline_featured_image":false,"spay_email":"","jetpack_publicize_message":""},"categories":[17],"tags":[],"jetpack_featured_media_url":"https:\/\/notinor.com\/jujuy\/wp-content\/uploads\/2020\/05\/AXXSJ2Z3BJDRBFQUNFOD32Z2D4.jpg","jetpack_publicize_connections":[],"_links":{"self":[{"href":"https:\/\/notinor.com\/jujuy\/wp-json\/wp\/v2\/posts\/238323"}],"collection":[{"href":"https:\/\/notinor.com\/jujuy\/wp-json\/wp\/v2\/posts"}],"about":[{"href":"https:\/\/notinor.com\/jujuy\/wp-json\/wp\/v2\/types\/post"}],"author":[{"embeddable":true,"href":"https:\/\/notinor.com\/jujuy\/wp-json\/wp\/v2\/users\/40"}],"replies":[{"embeddable":true,"href":"https:\/\/notinor.com\/jujuy\/wp-json\/wp\/v2\/comments?post=238323"}],"version-history":[{"count":1,"href":"https:\/\/notinor.com\/jujuy\/wp-json\/wp\/v2\/posts\/238323\/revisions"}],"predecessor-version":[{"id":238328,"href":"https:\/\/notinor.com\/jujuy\/wp-json\/wp\/v2\/posts\/238323\/revisions\/238328"}],"wp:featuredmedia":[{"embeddable":true,"href":"https:\/\/notinor.com\/jujuy\/wp-json\/wp\/v2\/media\/238327"}],"wp:attachment":[{"href":"https:\/\/notinor.com\/jujuy\/wp-json\/wp\/v2\/media?parent=238323"}],"wp:term":[{"taxonomy":"category","embeddable":true,"href":"https:\/\/notinor.com\/jujuy\/wp-json\/wp\/v2\/categories?post=238323"},{"taxonomy":"post_tag","embeddable":true,"href":"https:\/\/notinor.com\/jujuy\/wp-json\/wp\/v2\/tags?post=238323"}],"curies":[{"name":"wp","href":"https:\/\/api.w.org\/{rel}","templated":true}]}}