{"id":238312,"date":"2020-05-09T07:42:21","date_gmt":"2020-05-09T10:42:21","guid":{"rendered":"https:\/\/notinor.com\/jujuy\/?p=238312"},"modified":"2020-05-09T07:42:26","modified_gmt":"2020-05-09T10:42:26","slug":"habra-mas-riesgos-de-contagios-del-virus-en-jujuy-entre-junio-y-julio-advirtio-morales","status":"publish","type":"post","link":"https:\/\/notinor.com\/jujuy\/habra-mas-riesgos-de-contagios-del-virus-en-jujuy-entre-junio-y-julio-advirtio-morales\/","title":{"rendered":"Habr\u00e1 m\u00e1s riesgos de contagios del virus en Jujuy entre Junio y julio, advirti\u00f3 Morales"},"content":{"rendered":"\n<p>El gobernador de la provincia explic\u00f3 que al haber mas apertura en econom\u00eda habr\u00e1 mayor circulaci\u00f3n de coronavirus.  A ellos se suma, como factor,  la llegada en ese periodo del invierto.<\/p>\n\n\n\n<figure class=\"wp-block-image size-large\"><img decoding=\"async\" loading=\"lazy\" width=\"1140\" height=\"760\" src=\"https:\/\/i2.wp.com\/notinor.com\/jujuy\/wp-content\/uploads\/2020\/05\/morales.jpeg?fit=720%2C480&amp;ssl=1\" alt=\"\" class=\"wp-image-238313\" srcset=\"https:\/\/notinor.com\/jujuy\/wp-content\/uploads\/2020\/05\/morales.jpeg 1140w, https:\/\/notinor.com\/jujuy\/wp-content\/uploads\/2020\/05\/morales-548x365.jpeg 548w, https:\/\/notinor.com\/jujuy\/wp-content\/uploads\/2020\/05\/morales-720x480.jpeg 720w, https:\/\/notinor.com\/jujuy\/wp-content\/uploads\/2020\/05\/morales-768x512.jpeg 768w, https:\/\/notinor.com\/jujuy\/wp-content\/uploads\/2020\/05\/morales-400x266.jpeg 400w\" sizes=\"(max-width: 1140px) 100vw, 1140px\" \/><\/figure>\n\n\n\n<p class=\"has-background has-vivid-cyan-blue-background-color\">El gobernador Gerardo Morales, se refiri\u00f3 a la apertura de actividades en la provincia implicar\u00e1 tambi\u00e9n que la sociedad deber\u00e1 mantener el estricto cuidado de la salud con las medidas de aislamiento y distancia social.<\/p>\n\n\n\n<p>\u00abEstamos volviendo a la normalidad en la medida en que no circule el virus\u00ab, expres\u00f3 el mandatario provincial al tiempo que remarc\u00f3 que \u00abjunio y julio son meses en donde tenemos mayor probabilidad de casos de coronavirus\u00ab.<\/p>\n\n\n\n<p>El gobernador hizo hincapi\u00e9 en los riesgos que implica la llegada del invierno porque es la \u00e9poca del a\u00f1o en donde se potencia la posibilidad de riesgo de contagios de coronavirus, sobre todo en los mayores de 60 a\u00f1os.<\/p>\n\n\n\n<p>\u00abEstamos trabajando con los empleados p\u00fablicos de \u00e1reas que todav\u00eda que no se han reactivado para que tambi\u00e9n sean asignados a tareas como el cuidado de los adultos mayores\u00bb, indic\u00f3 al tiempo que subray\u00f3 la necesidad de que Jujuy cuente con 12 mil voluntarios para ese plan.<\/p>\n\n\n\n<p>Por eso en ese punto subray\u00f3 la necesidad de mantener los tres ejes que llevaron a que la provincia no tenga circulaci\u00f3n local de coronavirus: el fortalecimiento del sistema sanitario, el plan de fronteras seguras y el acompa\u00f1amiento a los adultos mayores.<\/p>\n","protected":false},"excerpt":{"rendered":"<p>El gobernador de la provincia explic\u00f3 que al haber mas apertura en econom\u00eda habr\u00e1 mayor circulaci\u00f3n de coronavirus. A ellos se suma, como factor, la llegada en ese periodo del invierto. El gobernador Gerardo Morales, se refiri\u00f3 a la apertura de actividades en la provincia implicar\u00e1 tambi\u00e9n que la sociedad deber\u00e1 mantener el estricto cuidado [&hellip;]<\/p>\n","protected":false},"author":1,"featured_media":238313,"comment_status":"open","ping_status":"open","sticky":false,"template":"","format":"standard","meta":{"_stopmodifiedupdate":false,"_modified_date":"","inline_featured_image":false,"spay_email":"","jetpack_publicize_message":"El gobernador de la provincia explic\u00f3 que al haber mas apertura en econom\u00eda habr\u00e1 mayor circulaci\u00f3n de coronavirus.  A ellos se suma, como factor,  la llegada en ese periodo del invierto."},"categories":[2],"tags":[],"jetpack_featured_media_url":"https:\/\/notinor.com\/jujuy\/wp-content\/uploads\/2020\/05\/morales.jpeg","jetpack_publicize_connections":[],"_links":{"self":[{"href":"https:\/\/notinor.com\/jujuy\/wp-json\/wp\/v2\/posts\/238312"}],"collection":[{"href":"https:\/\/notinor.com\/jujuy\/wp-json\/wp\/v2\/posts"}],"about":[{"href":"https:\/\/notinor.com\/jujuy\/wp-json\/wp\/v2\/types\/post"}],"author":[{"embeddable":true,"href":"https:\/\/notinor.com\/jujuy\/wp-json\/wp\/v2\/users\/1"}],"replies":[{"embeddable":true,"href":"https:\/\/notinor.com\/jujuy\/wp-json\/wp\/v2\/comments?post=238312"}],"version-history":[{"count":1,"href":"https:\/\/notinor.com\/jujuy\/wp-json\/wp\/v2\/posts\/238312\/revisions"}],"predecessor-version":[{"id":238314,"href":"https:\/\/notinor.com\/jujuy\/wp-json\/wp\/v2\/posts\/238312\/revisions\/238314"}],"wp:featuredmedia":[{"embeddable":true,"href":"https:\/\/notinor.com\/jujuy\/wp-json\/wp\/v2\/media\/238313"}],"wp:attachment":[{"href":"https:\/\/notinor.com\/jujuy\/wp-json\/wp\/v2\/media?parent=238312"}],"wp:term":[{"taxonomy":"category","embeddable":true,"href":"https:\/\/notinor.com\/jujuy\/wp-json\/wp\/v2\/categories?post=238312"},{"taxonomy":"post_tag","embeddable":true,"href":"https:\/\/notinor.com\/jujuy\/wp-json\/wp\/v2\/tags?post=238312"}],"curies":[{"name":"wp","href":"https:\/\/api.w.org\/{rel}","templated":true}]}}