{"id":238306,"date":"2020-05-09T07:21:37","date_gmt":"2020-05-09T10:21:37","guid":{"rendered":"https:\/\/notinor.com\/jujuy\/?p=238306"},"modified":"2020-05-09T07:21:39","modified_gmt":"2020-05-09T10:21:39","slug":"anuncian-un-paro-de-colectivos-para-el-martes-en-el-interior-del-pais","status":"publish","type":"post","link":"https:\/\/notinor.com\/jujuy\/anuncian-un-paro-de-colectivos-para-el-martes-en-el-interior-del-pais\/","title":{"rendered":"Anuncian un paro de colectivos para el martes en el interior del pa\u00eds"},"content":{"rendered":"\n<p> El gremio de los ch\u00f3feres reclama por el pago salarial en tiempo y forma. Adem\u00e1s, amenazaron con\u00a0profundizar las medidas de fuerza. \u00a0 <\/p>\n\n\n\n<figure class=\"wp-block-image size-large\"><img decoding=\"async\" loading=\"lazy\" width=\"720\" height=\"480\" src=\"https:\/\/notinor.com\/jujuy\/wp-content\/uploads\/2020\/04\/colectivos-720x480.jpg\" alt=\"\" class=\"wp-image-234226\" srcset=\"https:\/\/notinor.com\/jujuy\/wp-content\/uploads\/2020\/04\/colectivos-720x480.jpg 720w, https:\/\/notinor.com\/jujuy\/wp-content\/uploads\/2020\/04\/colectivos-548x365.jpg 548w, https:\/\/notinor.com\/jujuy\/wp-content\/uploads\/2020\/04\/colectivos-768x512.jpg 768w, https:\/\/notinor.com\/jujuy\/wp-content\/uploads\/2020\/04\/colectivos-400x266.jpg 400w, https:\/\/notinor.com\/jujuy\/wp-content\/uploads\/2020\/04\/colectivos.jpg 770w\" sizes=\"(max-width: 720px) 100vw, 720px\" \/><\/figure>\n\n\n\n<p class=\"has-background has-vivid-cyan-blue-background-color\">La Uni\u00f3n Tranviarios Automotor (UTA) anunci\u00f3 este viernes un paro de colectivos para el pr\u00f3ximo martes en el interior del pa\u00eds, ante la falta de acuerdo para abonar los salarios de los choferes.<\/p>\n\n\n\n<p>Este viernes se llev\u00f3 adelante una reuni\u00f3n en el Ministerio de Trabajo entre los representantes de la UTA y los empresarios de transporte, pero el encuentro finaliz\u00f3 sin un acuerdo para el pago salarial del sector en tiempo y forma.<\/p>\n\n\n\n<p>\"Desde el primer momento venimos exigiendo el cumplimiento del pago los trabajadores y solicitando tanto a los empresarios como al Gobierno que encuentren mecanismos para dar soluciones a esta cuesti\u00f3n, con el agravante de que nuestros compa\u00f1eros vienen dando muestras de su compromiso al trabajar en la primera l\u00ednea de los servicios esenciales que se brindan durante la pandemia\", advirti\u00f3 el titular de la UTA, Roberto Fern\u00e1ndez.<\/p>\n\n\n\n<p>Mediante un comunicado, el secretario general del gremio de colectiveros exhort\u00f3 \"a los responsables de esta situaci\u00f3n a dar respuesta urgente\" y alert\u00f3 que \"las medidas podr\u00edan profundizarse si no se abonan inmediatamente los haberes adeudados a todos los trabajadores\" del sector.<\/p>\n\n\n\n<p>Este viernes ya se llev\u00f3 adelante un cese de actividades en el transporte p\u00fablico de colectivos en la ciudad de C\u00f3rdoba, motivado por el mismo reclamo de un aumento salarial.<\/p>\n\n\n\n<p>La filial cordobesa de la UTA emiti\u00f3 un comunicado en el que sostiene que vencido el plazo del cuarto d\u00eda h\u00e1bil para abonar los salarios correspondientes al mes de abril \"se paralizan todas las actividades\" por tiempo indeterminado.<\/p>\n\n\n\n<p>En la C\u00f3rdoba, adem\u00e1s, a\u00fan contin\u00faa afectado el servicio del transporte por el paro por tiempo indeterminado de los choferes de Aoita.<\/p>\n","protected":false},"excerpt":{"rendered":"<p>El gremio de los ch\u00f3feres reclama por el pago salarial en tiempo y forma. Adem\u00e1s, amenazaron con\u00a0profundizar las medidas de fuerza. \u00a0 La Uni\u00f3n Tranviarios Automotor (UTA) anunci\u00f3 este viernes un paro de colectivos para el pr\u00f3ximo martes en el interior del pa\u00eds, ante la falta de acuerdo para abonar los salarios de los choferes. [&hellip;]<\/p>\n","protected":false},"author":1,"featured_media":230952,"comment_status":"closed","ping_status":"closed","sticky":false,"template":"","format":"standard","meta":{"_stopmodifiedupdate":false,"_modified_date":"","inline_featured_image":false,"spay_email":"","jetpack_publicize_message":""},"categories":[2],"tags":[],"jetpack_featured_media_url":"https:\/\/notinor.com\/jujuy\/wp-content\/uploads\/2020\/03\/colectivos-jujuy.jpg","jetpack_publicize_connections":[],"_links":{"self":[{"href":"https:\/\/notinor.com\/jujuy\/wp-json\/wp\/v2\/posts\/238306"}],"collection":[{"href":"https:\/\/notinor.com\/jujuy\/wp-json\/wp\/v2\/posts"}],"about":[{"href":"https:\/\/notinor.com\/jujuy\/wp-json\/wp\/v2\/types\/post"}],"author":[{"embeddable":true,"href":"https:\/\/notinor.com\/jujuy\/wp-json\/wp\/v2\/users\/1"}],"replies":[{"embeddable":true,"href":"https:\/\/notinor.com\/jujuy\/wp-json\/wp\/v2\/comments?post=238306"}],"version-history":[{"count":2,"href":"https:\/\/notinor.com\/jujuy\/wp-json\/wp\/v2\/posts\/238306\/revisions"}],"predecessor-version":[{"id":238308,"href":"https:\/\/notinor.com\/jujuy\/wp-json\/wp\/v2\/posts\/238306\/revisions\/238308"}],"wp:featuredmedia":[{"embeddable":true,"href":"https:\/\/notinor.com\/jujuy\/wp-json\/wp\/v2\/media\/230952"}],"wp:attachment":[{"href":"https:\/\/notinor.com\/jujuy\/wp-json\/wp\/v2\/media?parent=238306"}],"wp:term":[{"taxonomy":"category","embeddable":true,"href":"https:\/\/notinor.com\/jujuy\/wp-json\/wp\/v2\/categories?post=238306"},{"taxonomy":"post_tag","embeddable":true,"href":"https:\/\/notinor.com\/jujuy\/wp-json\/wp\/v2\/tags?post=238306"}],"curies":[{"name":"wp","href":"https:\/\/api.w.org\/{rel}","templated":true}]}}