{"id":238297,"date":"2020-05-08T23:26:57","date_gmt":"2020-05-09T02:26:57","guid":{"rendered":"https:\/\/notinor.com\/jujuy\/?p=238297"},"modified":"2020-05-08T23:27:02","modified_gmt":"2020-05-09T02:27:02","slug":"otorgaron-el-alta-a-la-ultima-paciente-jujena-con-covid-19","status":"publish","type":"post","link":"https:\/\/notinor.com\/jujuy\/otorgaron-el-alta-a-la-ultima-paciente-jujena-con-covid-19\/","title":{"rendered":"Otorgaron el alta a la \u00faltima paciente juje\u00f1a con COVID-19"},"content":{"rendered":"\n<p>Los \u00fanicos cinco casos confirmados en Jujuy se recuperaron favorablemente. Ya no hay personas internadas.<\/p>\n\n\n\n<figure class=\"wp-block-image size-large\"><img decoding=\"async\" loading=\"lazy\" width=\"512\" height=\"340\" src=\"https:\/\/notinor.com\/jujuy\/wp-content\/uploads\/2020\/05\/unnamed-1.jpg\" alt=\"\" class=\"wp-image-238298\" srcset=\"https:\/\/notinor.com\/jujuy\/wp-content\/uploads\/2020\/05\/unnamed-1.jpg 512w, https:\/\/notinor.com\/jujuy\/wp-content\/uploads\/2020\/05\/unnamed-1-400x266.jpg 400w\" sizes=\"(max-width: 512px) 100vw, 512px\" \/><\/figure>\n\n\n\n<p class=\"has-background has-vivid-cyan-blue-background-color\">El Comit\u00e9 Operativo de Emergencia Sanitaria de Jujuy confirm\u00f3 que se dio el alta a la \u00fanica persona que continuaba internada por coronavirus. De esta manera, los \u00fanicos cinco casos confirmados en Jujuy, se recuperaron favorablemente y es una de las provincias minoritarias a nivel nacional que no padecieron muertes por el virus.<\/p>\n\n\n\n<p>Adem\u00e1s, el gobernador Gerardo Morales, aprovech\u00f3 para ratificar que Jujuy adhiere a la extensi\u00f3n de la cuarentena hasta el 24 de mayo que decret\u00f3 hoy Alberto Fern\u00e1ndez, en el marco de una cuarta etapa con leve flexibilizaci\u00f3n de la actividad, exceptuando a CABA. <\/p>\n\n\n\n<p>Por otro lado es importante destacar que desde ma\u00f1ana, con la reapertura de restaurantes y bares, vuelven los controles de alcoholemia en todo Jujuy.<\/p>\n","protected":false},"excerpt":{"rendered":"<p>Los \u00fanicos cinco casos confirmados en Jujuy se recuperaron favorablemente. Ya no hay personas internadas. El Comit\u00e9 Operativo de Emergencia Sanitaria de Jujuy confirm\u00f3 que se dio el alta a la \u00fanica persona que continuaba internada por coronavirus. De esta manera, los \u00fanicos cinco casos confirmados en Jujuy, se recuperaron favorablemente y es una de [&hellip;]<\/p>\n","protected":false},"author":37,"featured_media":238298,"comment_status":"open","ping_status":"open","sticky":false,"template":"","format":"standard","meta":{"_stopmodifiedupdate":false,"_modified_date":"","inline_featured_image":false,"spay_email":"","jetpack_publicize_message":"Los \u00fanicos cinco casos confirmados en Jujuy se recuperaron favorablemente. Ya no hay personas internadas."},"categories":[2],"tags":[],"jetpack_featured_media_url":"https:\/\/notinor.com\/jujuy\/wp-content\/uploads\/2020\/05\/unnamed-1.jpg","jetpack_publicize_connections":[],"_links":{"self":[{"href":"https:\/\/notinor.com\/jujuy\/wp-json\/wp\/v2\/posts\/238297"}],"collection":[{"href":"https:\/\/notinor.com\/jujuy\/wp-json\/wp\/v2\/posts"}],"about":[{"href":"https:\/\/notinor.com\/jujuy\/wp-json\/wp\/v2\/types\/post"}],"author":[{"embeddable":true,"href":"https:\/\/notinor.com\/jujuy\/wp-json\/wp\/v2\/users\/37"}],"replies":[{"embeddable":true,"href":"https:\/\/notinor.com\/jujuy\/wp-json\/wp\/v2\/comments?post=238297"}],"version-history":[{"count":1,"href":"https:\/\/notinor.com\/jujuy\/wp-json\/wp\/v2\/posts\/238297\/revisions"}],"predecessor-version":[{"id":238301,"href":"https:\/\/notinor.com\/jujuy\/wp-json\/wp\/v2\/posts\/238297\/revisions\/238301"}],"wp:featuredmedia":[{"embeddable":true,"href":"https:\/\/notinor.com\/jujuy\/wp-json\/wp\/v2\/media\/238298"}],"wp:attachment":[{"href":"https:\/\/notinor.com\/jujuy\/wp-json\/wp\/v2\/media?parent=238297"}],"wp:term":[{"taxonomy":"category","embeddable":true,"href":"https:\/\/notinor.com\/jujuy\/wp-json\/wp\/v2\/categories?post=238297"},{"taxonomy":"post_tag","embeddable":true,"href":"https:\/\/notinor.com\/jujuy\/wp-json\/wp\/v2\/tags?post=238297"}],"curies":[{"name":"wp","href":"https:\/\/api.w.org\/{rel}","templated":true}]}}