{"id":238278,"date":"2020-05-08T22:19:10","date_gmt":"2020-05-09T01:19:10","guid":{"rendered":"https:\/\/notinor.com\/jujuy\/?p=238278"},"modified":"2020-05-08T22:22:45","modified_gmt":"2020-05-09T01:22:45","slug":"alberto-fernandez-toda-la-argentina-entra-en-fase-cuatro","status":"publish","type":"post","link":"https:\/\/notinor.com\/jujuy\/alberto-fernandez-toda-la-argentina-entra-en-fase-cuatro\/","title":{"rendered":"Alberto Fern\u00e1ndez: \"toda la Argentina entra en fase cuatro\""},"content":{"rendered":"\n<p>La cuarentena se vuelve a extender y ser\u00e1, en un principio, hasta el 24 de mayo.<\/p>\n\n\n\n<figure class=\"wp-block-image size-large\"><img decoding=\"async\" loading=\"lazy\" width=\"768\" height=\"512\" src=\"https:\/\/i1.wp.com\/notinor.com\/jujuy\/wp-content\/uploads\/2020\/05\/3253368w768-2.jpg?fit=720%2C480&amp;ssl=1\" alt=\"\" class=\"wp-image-238279\" srcset=\"https:\/\/notinor.com\/jujuy\/wp-content\/uploads\/2020\/05\/3253368w768-2.jpg 768w, https:\/\/notinor.com\/jujuy\/wp-content\/uploads\/2020\/05\/3253368w768-2-548x365.jpg 548w, https:\/\/notinor.com\/jujuy\/wp-content\/uploads\/2020\/05\/3253368w768-2-720x480.jpg 720w, https:\/\/notinor.com\/jujuy\/wp-content\/uploads\/2020\/05\/3253368w768-2-400x266.jpg 400w\" sizes=\"(max-width: 768px) 100vw, 768px\" \/><\/figure>\n\n\n\n<p class=\"has-background has-vivid-cyan-blue-background-color\">Cuando se cumplen 50 d\u00edas del\u00a0<strong>aislamiento social, preventivo y obligatorio,\u00a0<\/strong>el presidente\u00a0<strong>Alberto Fern\u00e1ndez\u00a0<\/strong>anunci\u00f3 la nueva fase de la cuarentena decretada en medio de la pandemia del\u00a0<strong>coronavirus:\u00a0<\/strong>la\u00a0\"reapertura progresiva\",\u00a0que implicar\u00e1 una flexibilizaci\u00f3n en varios puntos del pa\u00eds, a excepci\u00f3n del \u00c1rea Metropolitana de Buenos Aires (AMBA).<\/p>\n\n\n\n<p>El mandatario realiz\u00f3 el anuncio de la&nbsp;<strong>extensi\u00f3n de la cuarentena hasta el 24 de mayo&nbsp;<\/strong>en la quinta de Olivos, acompa\u00f1ado por el gobernador bonaerense,&nbsp;<strong>Axel Kicillof,&nbsp;<\/strong>y el jefe de gobierno porte\u00f1o,&nbsp;<strong>Horacio Rodr\u00edguez Larreta,&nbsp;<\/strong>que gobiernan en los distritos donde se concentra m\u00e1s del 60% de los casos de coronavirus en todo el pa\u00eds.<\/p>\n\n\n\n<p>\"La Argentina sigue el mismo proceso que esper\u00e1bamos que ocurra.\u00a0<strong>La cantidad de casos se ha logrado ralentizar un poco m\u00e1s.\u00a0<\/strong>La cantidad de fallecimientos est\u00e1 en lo que esper\u00e1bamos\", dijo el Presidente al comienzo del anuncio, alrededor de las 20.35.<\/p>\n\n\n\n<p>\"Tenemos un enorme orgullo por el comportamiento de nuestros ciudadanos. Vemos que gracias a eso estamos logrando los objetivos.\u00a0<strong>La situaci\u00f3n de la Argentina est\u00e1 bastante controlada\", agreg\u00f3.\u00a0\"La Argentina ha logrado aplanar los casos de coronavirus\".<\/strong><\/p>\n\n\n\n<p>Por otro lado, Fern\u00e1ndez se refiri\u00f3 a lo que defini\u00f3 como el \"problema de la econom\u00eda\" durante la cuarentena. \"Nosotros sabemos el padecimiento de los que no la est\u00e1n pasando bien, de los que no pueden trabajar. Pero lo que m\u00e1s nos preocupa es la salud de nuestra gente\", dijo el mandatario.<\/p>\n\n\n\n<p>En este sentido, Fern\u00e1ndez compar\u00f3 los casos de Suecia y Noruega. \"Suecia tiene casi tres veces m\u00e1s muertos que Noruega, para comparar dos pa\u00edses similares. En Suecia no se hizo cuarentena y en Noruega s\u00ed\", dijo.<\/p>\n\n\n\n<p><strong>\"Cuando me dicen que siga el ejemplo sueco, la verdad lo que veo es que Suecia con 10 millones de habitantes hoy cuenta m\u00e1s de 3000 muertos por el virus. Me proponen que de haber seguido ese ejemplo nosotros hoy tendr\u00edamos 13.000 muertos\", dijo Fern\u00e1ndez.<\/strong><\/p>\n\n\n\n<p>Por otro lado, el mandatario critic\u00f3 la idea de que no tener cuarentena es mejor para la econom\u00eda, y cit\u00f3 el caso de la suba del desempleo en Estados Unidos. \"Digo todo esto para que no mientan m\u00e1s. Generan ansiedad en la gente\", dijo Fern\u00e1ndez.<\/p>\n\n\n\n<p>\"No me van a torcer el brazo. Voy a cuidar a la gente antes que nada.&nbsp;<strong>Terminemos con esta discusi\u00f3n, que nos han metido falsamente, que si abrimos la econom\u00eda vamos a estar mejor. Si abrimos la econom\u00eda vamos a terminar como termin\u00f3 Suecia\".<\/strong><\/p>\n\n\n\n<p>Sobre el papel de los gobernadores, Fern\u00e1ndez dijo: \"Su trabajo ha sido magn\u00edfico. Tengo la alegr\u00eda de decir que estamos logrando los objetivos, pero no hemos ganado la batalla\".<\/p>\n\n\n\n<p><strong>Finalmente, sobre la extensi\u00f3n de la cuarentena, dijo: \"Toda la Argentina salvo el AMBA pasa a la fase cuatro [nueva fase de reapertura progresiva]. Mientras que el AMBA sigue en la tres. Esto no es ni un avance ni un retroceso, es trabajar con seriedad. La densidad poblacional en el AMBA es muy grande y todo es m\u00e1s complejo. Y, si en alg\u00fan momento los resultados se invierten, volveremos para atr\u00e1s\".<\/strong><\/p>\n\n\n\n<h2 id=\"reapertura-progresiva\">Reapertura progresiva<\/h2>\n\n\n\n<p>La\u00a0\"reapertura progresiva\"\u00a0de la cuarentena permitir\u00eda la\u00a0<strong>movilizaci\u00f3n de hasta el 75% de los habitantes en muchas provincias,\u00a0<\/strong>a la vez que delegar\u00e1\u00a0<strong>la decisi\u00f3n de habilitar actividades en los gobernadores.\u00a0<\/strong>Mientras tanto, continuar\u00e1n firmes en todo el pa\u00eds\u00a0<strong>la prohibici\u00f3n de las clases presenciales, eventos masivos y el control de las fronteras.<\/strong><\/p>\n\n\n\n<p>En la previa, el Gobierno\u00a0autoriz\u00f3 hoy a trav\u00e9s del Bolet\u00edn Oficial\u00a0los padres y\/o las personas adultas responsables que est\u00e9n a cargo de chicos de hasta 12 a\u00f1os a salir con ellos a realizar compras o tr\u00e1mites, \"siempre que no puedan dejarlos en el hogar al cuidado de otro adulto\".<\/p>\n\n\n\n<p>Esta semana, la Casa Rosada estuvo en contacto con los gobernadores de todo el pa\u00eds y Fern\u00e1ndez volvi\u00f3 a recibir al\u00a0grupo de infect\u00f3logos\u00a0que lo asesora para analizar el comienzo de una nueva etapa, la \u00faltima antes de la reapertura total. Esta nueva fase\u00a0responde a la necesidad\u00a0de\u00a0<strong>reactivar la econom\u00eda y dar una respuesta ante el agobio social\u00a0<\/strong>tras\u00a0<strong>siete semanas de confinamiento.<\/strong><\/p>\n\n\n\n<p><br><\/p>\n","protected":false},"excerpt":{"rendered":"<p>La cuarentena se vuelve a extender y ser\u00e1, en un principio, hasta el 24 de mayo. Cuando se cumplen 50 d\u00edas del\u00a0aislamiento social, preventivo y obligatorio,\u00a0el presidente\u00a0Alberto Fern\u00e1ndez\u00a0anunci\u00f3 la nueva fase de la cuarentena decretada en medio de la pandemia del\u00a0coronavirus:\u00a0la\u00a0\"reapertura progresiva\",\u00a0que implicar\u00e1 una flexibilizaci\u00f3n en varios puntos del pa\u00eds, a excepci\u00f3n del \u00c1rea Metropolitana [&hellip;]<\/p>\n","protected":false},"author":37,"featured_media":238277,"comment_status":"open","ping_status":"open","sticky":false,"template":"","format":"standard","meta":{"_stopmodifiedupdate":false,"_modified_date":"","inline_featured_image":false,"spay_email":"","jetpack_publicize_message":"La cuarentena se vuelve a extender y ser\u00e1, en un principio, hasta el 24 de mayo."},"categories":[2],"tags":[],"jetpack_featured_media_url":"https:\/\/notinor.com\/jujuy\/wp-content\/uploads\/2020\/05\/3253368w768-1.jpg","jetpack_publicize_connections":[],"_links":{"self":[{"href":"https:\/\/notinor.com\/jujuy\/wp-json\/wp\/v2\/posts\/238278"}],"collection":[{"href":"https:\/\/notinor.com\/jujuy\/wp-json\/wp\/v2\/posts"}],"about":[{"href":"https:\/\/notinor.com\/jujuy\/wp-json\/wp\/v2\/types\/post"}],"author":[{"embeddable":true,"href":"https:\/\/notinor.com\/jujuy\/wp-json\/wp\/v2\/users\/37"}],"replies":[{"embeddable":true,"href":"https:\/\/notinor.com\/jujuy\/wp-json\/wp\/v2\/comments?post=238278"}],"version-history":[{"count":4,"href":"https:\/\/notinor.com\/jujuy\/wp-json\/wp\/v2\/posts\/238278\/revisions"}],"predecessor-version":[{"id":238283,"href":"https:\/\/notinor.com\/jujuy\/wp-json\/wp\/v2\/posts\/238278\/revisions\/238283"}],"wp:featuredmedia":[{"embeddable":true,"href":"https:\/\/notinor.com\/jujuy\/wp-json\/wp\/v2\/media\/238277"}],"wp:attachment":[{"href":"https:\/\/notinor.com\/jujuy\/wp-json\/wp\/v2\/media?parent=238278"}],"wp:term":[{"taxonomy":"category","embeddable":true,"href":"https:\/\/notinor.com\/jujuy\/wp-json\/wp\/v2\/categories?post=238278"},{"taxonomy":"post_tag","embeddable":true,"href":"https:\/\/notinor.com\/jujuy\/wp-json\/wp\/v2\/tags?post=238278"}],"curies":[{"name":"wp","href":"https:\/\/api.w.org\/{rel}","templated":true}]}}