{"id":237793,"date":"2020-05-06T09:45:47","date_gmt":"2020-05-06T12:45:47","guid":{"rendered":"https:\/\/notinor.com\/jujuy\/?p=237793"},"modified":"2020-05-06T12:04:36","modified_gmt":"2020-05-06T15:04:36","slug":"lopez-natividad-angelica","status":"publish","type":"post","link":"https:\/\/notinor.com\/jujuy\/lopez-natividad-angelica\/","title":{"rendered":"LOPEZ, Natividad Angelica"},"content":{"rendered":"\n<p class=\"has-background has-vivid-cyan-blue-background-color\"><strong>Falleci\u00f3 el d\u00eda 05 de mayo de 2020, a hs. 16:20. C.A.S.R. y B.P., a la edad de 59 a\u00f1os. Sus hermanos: Haydee Leonor, Emma Graciela, Jos\u00e9 Javier y Mirta Noem\u00ed L\u00f3pez, sus hermanos pol\u00edticos: Cesar Augusto y Carlos Ricardo; sus sobrinos: Roxana, Denis, M\u00f3nica, Marcelo, Lila, Cristian, Natalia, Gisela, Ver\u00f3nica, Fernando, Claudia, Rodrigo, Emanuel, Carlitos y Marisel, sus sobrinos pol\u00edticos: Mariana, Sergio, Emilio, Ismael, Rafael, Ver\u00f3nica, V\u00edctor y Ram\u00f3n, sus sobrinos nietos y dem\u00e1s familiares participan con profundo dolor su fallecimiento e invitan a sus amistades y dem\u00e1s personas piadosas al sepelio de sus restos hoy 06 de mayo a hs. 12:00 en el cementerio de el Carmen, Jujuy. FAE. Ritual de homenaje empresa La Piedad SA, Salta 727. Tel. 388-4222487. L\u00ednea gratuita 0800-444-5274.<br><\/strong><\/p>\n","protected":false},"excerpt":{"rendered":"<p>Falleci\u00f3 el d\u00eda 05 de mayo de 2020, a hs. 16:20. C.A.S.R. y B.P., a la edad de 59 a\u00f1os. Sus hermanos: Haydee Leonor, Emma Graciela, Jos\u00e9 Javier y Mirta Noem\u00ed L\u00f3pez, sus hermanos pol\u00edticos: Cesar Augusto y Carlos Ricardo; sus sobrinos: Roxana, Denis, M\u00f3nica, Marcelo, Lila, Cristian, Natalia, Gisela, Ver\u00f3nica, Fernando, Claudia, Rodrigo, Emanuel, [&hellip;]<\/p>\n","protected":false},"author":5,"featured_media":130005,"comment_status":"open","ping_status":"open","sticky":false,"template":"","format":"standard","meta":{"_stopmodifiedupdate":false,"_modified_date":"","inline_featured_image":false,"spay_email":"","jetpack_publicize_message":""},"categories":[523],"tags":[],"jetpack_featured_media_url":"https:\/\/notinor.com\/jujuy\/wp-content\/uploads\/2017\/08\/Obituarios-1.jpg","jetpack_publicize_connections":[],"_links":{"self":[{"href":"https:\/\/notinor.com\/jujuy\/wp-json\/wp\/v2\/posts\/237793"}],"collection":[{"href":"https:\/\/notinor.com\/jujuy\/wp-json\/wp\/v2\/posts"}],"about":[{"href":"https:\/\/notinor.com\/jujuy\/wp-json\/wp\/v2\/types\/post"}],"author":[{"embeddable":true,"href":"https:\/\/notinor.com\/jujuy\/wp-json\/wp\/v2\/users\/5"}],"replies":[{"embeddable":true,"href":"https:\/\/notinor.com\/jujuy\/wp-json\/wp\/v2\/comments?post=237793"}],"version-history":[{"count":1,"href":"https:\/\/notinor.com\/jujuy\/wp-json\/wp\/v2\/posts\/237793\/revisions"}],"predecessor-version":[{"id":237796,"href":"https:\/\/notinor.com\/jujuy\/wp-json\/wp\/v2\/posts\/237793\/revisions\/237796"}],"wp:featuredmedia":[{"embeddable":true,"href":"https:\/\/notinor.com\/jujuy\/wp-json\/wp\/v2\/media\/130005"}],"wp:attachment":[{"href":"https:\/\/notinor.com\/jujuy\/wp-json\/wp\/v2\/media?parent=237793"}],"wp:term":[{"taxonomy":"category","embeddable":true,"href":"https:\/\/notinor.com\/jujuy\/wp-json\/wp\/v2\/categories?post=237793"},{"taxonomy":"post_tag","embeddable":true,"href":"https:\/\/notinor.com\/jujuy\/wp-json\/wp\/v2\/tags?post=237793"}],"curies":[{"name":"wp","href":"https:\/\/api.w.org\/{rel}","templated":true}]}}