{"id":237787,"date":"2020-05-06T09:50:09","date_gmt":"2020-05-06T12:50:09","guid":{"rendered":"https:\/\/notinor.com\/jujuy\/?p=237787"},"modified":"2020-05-06T11:53:35","modified_gmt":"2020-05-06T14:53:35","slug":"cruz-pelagui-salustiana","status":"publish","type":"post","link":"https:\/\/notinor.com\/jujuy\/cruz-pelagui-salustiana\/","title":{"rendered":"CRUZ, Pelagui Salustiana"},"content":{"rendered":"\n<p class=\"has-background has-vivid-cyan-blue-background-color\"><strong>Falleci\u00f3 el d\u00eda 05 de mayo de 2020, a hs. 09:10. C.A.S.R. y B.P., a la edad de 75 a\u00f1os. Su esposo: Jos\u00e9 Nazario Condori, sus hijos: Jos\u00e9 Leopoldo y Mar\u00eda Eugenia Condori, su hija pol\u00edtica: Norma Alem\u00e1n, sus nietos: Cristina, Eliana, Nicol\u00e1s, Julieta y Martina, sus bisnietos: Naomi y Tadeo, sus hermanos: Angela, Atilio, Olga, Indabor, Marta, Argentina, Mery y Jorge, sus hermanos pol\u00edticos, sus sobrinos y dem\u00e1s familiares participan con profundo dolor su fallecimiento y comunican que el sepelio de sus restos, se efectu\u00f3 ayer 05 de mayo en el cementerio de Purmamarca. FAE. Ritual de homenaje empresa La Piedad SA. Salta 727. Tel. 0388-4222487. L\u00ednea gratuita 0800-444-5274. <\/strong><\/p>\n","protected":false},"excerpt":{"rendered":"<p>Falleci\u00f3 el d\u00eda 05 de mayo de 2020, a hs. 09:10. C.A.S.R. y B.P., a la edad de 75 a\u00f1os. Su esposo: Jos\u00e9 Nazario Condori, sus hijos: Jos\u00e9 Leopoldo y Mar\u00eda Eugenia Condori, su hija pol\u00edtica: Norma Alem\u00e1n, sus nietos: Cristina, Eliana, Nicol\u00e1s, Julieta y Martina, sus bisnietos: Naomi y Tadeo, sus hermanos: Angela, Atilio, [&hellip;]<\/p>\n","protected":false},"author":5,"featured_media":130005,"comment_status":"open","ping_status":"open","sticky":false,"template":"","format":"standard","meta":{"_stopmodifiedupdate":false,"_modified_date":"","inline_featured_image":false,"spay_email":"","jetpack_publicize_message":""},"categories":[523],"tags":[],"jetpack_featured_media_url":"https:\/\/notinor.com\/jujuy\/wp-content\/uploads\/2017\/08\/Obituarios-1.jpg","jetpack_publicize_connections":[],"_links":{"self":[{"href":"https:\/\/notinor.com\/jujuy\/wp-json\/wp\/v2\/posts\/237787"}],"collection":[{"href":"https:\/\/notinor.com\/jujuy\/wp-json\/wp\/v2\/posts"}],"about":[{"href":"https:\/\/notinor.com\/jujuy\/wp-json\/wp\/v2\/types\/post"}],"author":[{"embeddable":true,"href":"https:\/\/notinor.com\/jujuy\/wp-json\/wp\/v2\/users\/5"}],"replies":[{"embeddable":true,"href":"https:\/\/notinor.com\/jujuy\/wp-json\/wp\/v2\/comments?post=237787"}],"version-history":[{"count":1,"href":"https:\/\/notinor.com\/jujuy\/wp-json\/wp\/v2\/posts\/237787\/revisions"}],"predecessor-version":[{"id":237788,"href":"https:\/\/notinor.com\/jujuy\/wp-json\/wp\/v2\/posts\/237787\/revisions\/237788"}],"wp:featuredmedia":[{"embeddable":true,"href":"https:\/\/notinor.com\/jujuy\/wp-json\/wp\/v2\/media\/130005"}],"wp:attachment":[{"href":"https:\/\/notinor.com\/jujuy\/wp-json\/wp\/v2\/media?parent=237787"}],"wp:term":[{"taxonomy":"category","embeddable":true,"href":"https:\/\/notinor.com\/jujuy\/wp-json\/wp\/v2\/categories?post=237787"},{"taxonomy":"post_tag","embeddable":true,"href":"https:\/\/notinor.com\/jujuy\/wp-json\/wp\/v2\/tags?post=237787"}],"curies":[{"name":"wp","href":"https:\/\/api.w.org\/{rel}","templated":true}]}}