{"id":237750,"date":"2020-05-06T09:28:44","date_gmt":"2020-05-06T12:28:44","guid":{"rendered":"https:\/\/notinor.com\/jujuy\/?p=237750"},"modified":"2020-05-06T09:28:45","modified_gmt":"2020-05-06T12:28:45","slug":"arranca-el-cronograma-pago-a-empleados-de-la-administracion-publica","status":"publish","type":"post","link":"https:\/\/notinor.com\/jujuy\/arranca-el-cronograma-pago-a-empleados-de-la-administracion-publica\/","title":{"rendered":"Arranca el cronograma pago a empleados de la administraci\u00f3n p\u00fablica"},"content":{"rendered":"\n<p><strong>Se extender\u00e1 hasta el domingo 10 y quienes perciban haberes que excedan a los $30.000 cobran en dos tramos.<\/strong><\/p>\n\n\n\n<figure class=\"wp-block-image size-large\"><img decoding=\"async\" loading=\"lazy\" width=\"840\" height=\"473\" src=\"https:\/\/notinor.com\/jujuy\/wp-content\/uploads\/2020\/05\/5bfec0bae2d9a_1004x565-840x473.jpg\" alt=\"\" class=\"wp-image-237754\" srcset=\"https:\/\/notinor.com\/jujuy\/wp-content\/uploads\/2020\/05\/5bfec0bae2d9a_1004x565-840x473.jpg 840w, https:\/\/notinor.com\/jujuy\/wp-content\/uploads\/2020\/05\/5bfec0bae2d9a_1004x565-649x365.jpg 649w, https:\/\/notinor.com\/jujuy\/wp-content\/uploads\/2020\/05\/5bfec0bae2d9a_1004x565-768x432.jpg 768w, https:\/\/notinor.com\/jujuy\/wp-content\/uploads\/2020\/05\/5bfec0bae2d9a_1004x565.jpg 1004w\" sizes=\"(max-width: 840px) 100vw, 840px\" \/><\/figure>\n\n\n\n<p class=\"has-background has-vivid-cyan-blue-background-color\">Con el pago a personal de la Policia, Comisiones Municipales, y organismo Autarquicos inicia el calendario de pagos a empleados de la admnistraci\u00f3n publica provincial. <\/p>\n\n\n\n<p>Continuar\u00e1 ma\u00f1ana con  Ministerio de Salud, Desarrollo Humano y Servicio Penitenciario, el 8\u00a0Educaci\u00f3n Nivel Inicial y Primario, 9\u00a0Educaci\u00f3n Nivel Secundario y Terciario y finalizara\u00a0 con Administraci\u00f3n Central, Municipios, Organismos Descentralizados, Poder Judicial, Legislativo, Tribunal de Cuentas y Funcionarios. <\/p>\n\n\n\n<p>Cabe aclarar que pese a las gestiones realizado por el gobernador Gerardo Morales para liberar los fondos enviados, quienes  perciban haberes que excedan a los $30.000 cobran la totalidad de su sueldo el pr\u00f3ximo viernes 15.<\/p>\n","protected":false},"excerpt":{"rendered":"<p>Se extender\u00e1 hasta el domingo 10 y quienes perciban haberes que excedan a los $30.000 cobran en dos tramos. Con el pago a personal de la Policia, Comisiones Municipales, y organismo Autarquicos inicia el calendario de pagos a empleados de la admnistraci\u00f3n publica provincial. Continuar\u00e1 ma\u00f1ana con Ministerio de Salud, Desarrollo Humano y Servicio Penitenciario, [&hellip;]<\/p>\n","protected":false},"author":1,"featured_media":237754,"comment_status":"closed","ping_status":"closed","sticky":false,"template":"","format":"standard","meta":{"_stopmodifiedupdate":false,"_modified_date":"","inline_featured_image":false,"spay_email":"","jetpack_publicize_message":"Se extender\u00e1 hasta el domingo 10 y quienes perciban haberes que excedan a los $30.000 cobran en dos tramos."},"categories":[2],"tags":[],"jetpack_featured_media_url":"https:\/\/notinor.com\/jujuy\/wp-content\/uploads\/2020\/05\/5bfec0bae2d9a_1004x565.jpg","jetpack_publicize_connections":[],"_links":{"self":[{"href":"https:\/\/notinor.com\/jujuy\/wp-json\/wp\/v2\/posts\/237750"}],"collection":[{"href":"https:\/\/notinor.com\/jujuy\/wp-json\/wp\/v2\/posts"}],"about":[{"href":"https:\/\/notinor.com\/jujuy\/wp-json\/wp\/v2\/types\/post"}],"author":[{"embeddable":true,"href":"https:\/\/notinor.com\/jujuy\/wp-json\/wp\/v2\/users\/1"}],"replies":[{"embeddable":true,"href":"https:\/\/notinor.com\/jujuy\/wp-json\/wp\/v2\/comments?post=237750"}],"version-history":[{"count":2,"href":"https:\/\/notinor.com\/jujuy\/wp-json\/wp\/v2\/posts\/237750\/revisions"}],"predecessor-version":[{"id":237755,"href":"https:\/\/notinor.com\/jujuy\/wp-json\/wp\/v2\/posts\/237750\/revisions\/237755"}],"wp:featuredmedia":[{"embeddable":true,"href":"https:\/\/notinor.com\/jujuy\/wp-json\/wp\/v2\/media\/237754"}],"wp:attachment":[{"href":"https:\/\/notinor.com\/jujuy\/wp-json\/wp\/v2\/media?parent=237750"}],"wp:term":[{"taxonomy":"category","embeddable":true,"href":"https:\/\/notinor.com\/jujuy\/wp-json\/wp\/v2\/categories?post=237750"},{"taxonomy":"post_tag","embeddable":true,"href":"https:\/\/notinor.com\/jujuy\/wp-json\/wp\/v2\/tags?post=237750"}],"curies":[{"name":"wp","href":"https:\/\/api.w.org\/{rel}","templated":true}]}}