{"id":237747,"date":"2020-05-06T08:00:00","date_gmt":"2020-05-06T11:00:00","guid":{"rendered":"https:\/\/notinor.com\/jujuy\/?p=237747"},"modified":"2020-05-06T07:41:19","modified_gmt":"2020-05-06T10:41:19","slug":"pascuttini-la-clave-es-evitar-el-desabastecimiento-de-cigarrillos-y-fijar-el-precio-de-tabaco","status":"publish","type":"post","link":"https:\/\/notinor.com\/jujuy\/pascuttini-la-clave-es-evitar-el-desabastecimiento-de-cigarrillos-y-fijar-el-precio-de-tabaco\/","title":{"rendered":"Pascuttini: \"La clave es evitar el desabastecimiento de cigarrillos y fijar el precio de tabaco\""},"content":{"rendered":"\n<p>El presidente de la C\u00e1mara de Tabaco de Jujuy, se refiri\u00f3 a la necesidad de \"fijar reglas\" para que el sector puede afrontar la pandemia. <\/p>\n\n\n\n<figure class=\"wp-block-image size-large\"><img decoding=\"async\" loading=\"lazy\" width=\"779\" height=\"480\" src=\"https:\/\/notinor.com\/jujuy\/wp-content\/uploads\/2020\/05\/pascutttini.jpg\" alt=\"\" class=\"wp-image-237748\" srcset=\"https:\/\/notinor.com\/jujuy\/wp-content\/uploads\/2020\/05\/pascutttini.jpg 779w, https:\/\/notinor.com\/jujuy\/wp-content\/uploads\/2020\/05\/pascutttini-592x365.jpg 592w, https:\/\/notinor.com\/jujuy\/wp-content\/uploads\/2020\/05\/pascutttini-768x473.jpg 768w, https:\/\/notinor.com\/jujuy\/wp-content\/uploads\/2020\/05\/pascutttini-300x184.jpg 300w\" sizes=\"(max-width: 779px) 100vw, 779px\" \/><\/figure>\n\n\n\n<p><\/p>\n\n\n\n<p class=\"has-background has-vivid-cyan-blue-background-color\">El Presidente de la C\u00e1mara del Tabaco de Jujuy, Pedro Pascuttini, habl\u00f3 con <strong>NOTINOR <\/strong>sobre el desabastecimiento de cigarrillos que hay en el pa\u00eds por la situaci\u00f3n sanitaria y las consecuencias que esto significan para el sector en la provincia<\/p>\n\n\n\n<p> \"A pesar de haber presentado todos los protocolos  que se hicieron en toda la tabacalera, nos causas problemas, de esto dependen muchas personas, es una criminalidad lo que est\u00e1 ocurriendo, no podemos producir y aparece el contrabando\", manifest\u00f3.<\/p>\n\n\n\n<blockquote class=\"wp-block-quote is-style-large\"><p>\"Somos respetuosos de las decisiones de la provincia a trav\u00e9s del Comit\u00e9 Operativo de Emergencia y con ellos buscando soluciones que permitan reactivar el sector\"<\/p><\/blockquote>\n\n\n\n<p><\/p>\n\n\n\n<p>En este sentido Pascuttini afirm\u00f3 que alrededor de un mill\u00f3n de personas dependen de esto, que incluye a 7 provincias tabacaleras, m\u00e1s el circuito que genera. Y reclam\u00f3 que debe haber una flexibilidad para que sigamos teniendo el despliegue. Adem\u00e1s, asegur\u00f3 que \"la soluci\u00f3n es la apertura de las industrias\".<\/p>\n\n\n\n<p>\"Es una situaci\u00f3n extrema de una Pandemia, hoy estamos en una enorme dificultad, debemos seguirle pagando a los trabajadores, ellos no tienen la culpa. El punto central es que tengamos trabajo, tenemos que seguir sobreviviendo, cada trabajador debe tener su dinero producto de su trabajo. Es imposible contar con recursos para hacer frente para los costos m\u00e1s a\u00fan cuando acumulamos problemas financieros \", destac\u00f3 Pascuttini.<\/p>\n\n\n\n<p><\/p>\n\n\n\n<p>Asimismo, declar\u00f3 que en la fabricaci\u00f3n respetan a todas las organizaciones de la salud y que esta situaci\u00f3n ya produjo el da\u00f1o \"por el contrabando\", eso afecta la recaudaci\u00f3n de los impuestos internos. Tambi\u00e9n soslay\u00f3 que el 97% de la producci\u00f3n se exporta a China.<\/p>\n\n\n\n<p>\u201cLa primera de ellas es la habilitaci\u00f3n de las plantas de cigarrillos para que comiencen a producir en el marco de la pandemia y la segunda, la fijaci\u00f3n del precio del acopio del tabaco Virginia\u201d, coment\u00f3.<\/p>\n\n\n\n<p><strong>Discutir el precio de acopio con Salta<\/strong><\/p>\n\n\n\n<p>Pascutini inst\u00f3 a redoblar los esfuerzos necesarios para que se fije un precio razonable del acopio de tabaco que permita cubrir los costos de producci\u00f3n en este campa\u00f1a, y \"para hacer frente a la obligaciones de los productores y contribuir al sostenimiento de m\u00e1s de 13 mil familias de trabajadores de la provincia\u201d.<\/p>\n\n\n\n<p>\"Se trata de un discusi\u00f3n que venimos dilatando desde octubre del a\u00f1o pasado y que si hubiese definido antes, quiz\u00e1s  traer\u00eda tranquilidad a los productores\", aclar\u00f3 al tiempo que pidi\u00f3 que esta negacion \"llegue a buen puerto\" <\/p>\n\n\n\n<p><\/p>\n\n\n\n<p><\/p>\n","protected":false},"excerpt":{"rendered":"<p>El presidente de la C\u00e1mara de Tabaco de Jujuy, se refiri\u00f3 a la necesidad de \"fijar reglas\" para que el sector puede afrontar la pandemia. El Presidente de la C\u00e1mara del Tabaco de Jujuy, Pedro Pascuttini, habl\u00f3 con NOTINOR sobre el desabastecimiento de cigarrillos que hay en el pa\u00eds por la situaci\u00f3n sanitaria y las [&hellip;]<\/p>\n","protected":false},"author":1,"featured_media":237748,"comment_status":"open","ping_status":"open","sticky":false,"template":"","format":"standard","meta":{"_stopmodifiedupdate":false,"_modified_date":"","inline_featured_image":false,"spay_email":"","jetpack_publicize_message":"El presidente de la C\u00e1mara de Tabaco de Jujuy, se refiri\u00f3 a la necesidad de \"fijar reglas\" para que el sector puede afrontar la pandemia. "},"categories":[2],"tags":[],"jetpack_featured_media_url":"https:\/\/notinor.com\/jujuy\/wp-content\/uploads\/2020\/05\/pascutttini.jpg","jetpack_publicize_connections":[],"_links":{"self":[{"href":"https:\/\/notinor.com\/jujuy\/wp-json\/wp\/v2\/posts\/237747"}],"collection":[{"href":"https:\/\/notinor.com\/jujuy\/wp-json\/wp\/v2\/posts"}],"about":[{"href":"https:\/\/notinor.com\/jujuy\/wp-json\/wp\/v2\/types\/post"}],"author":[{"embeddable":true,"href":"https:\/\/notinor.com\/jujuy\/wp-json\/wp\/v2\/users\/1"}],"replies":[{"embeddable":true,"href":"https:\/\/notinor.com\/jujuy\/wp-json\/wp\/v2\/comments?post=237747"}],"version-history":[{"count":1,"href":"https:\/\/notinor.com\/jujuy\/wp-json\/wp\/v2\/posts\/237747\/revisions"}],"predecessor-version":[{"id":237749,"href":"https:\/\/notinor.com\/jujuy\/wp-json\/wp\/v2\/posts\/237747\/revisions\/237749"}],"wp:featuredmedia":[{"embeddable":true,"href":"https:\/\/notinor.com\/jujuy\/wp-json\/wp\/v2\/media\/237748"}],"wp:attachment":[{"href":"https:\/\/notinor.com\/jujuy\/wp-json\/wp\/v2\/media?parent=237747"}],"wp:term":[{"taxonomy":"category","embeddable":true,"href":"https:\/\/notinor.com\/jujuy\/wp-json\/wp\/v2\/categories?post=237747"},{"taxonomy":"post_tag","embeddable":true,"href":"https:\/\/notinor.com\/jujuy\/wp-json\/wp\/v2\/tags?post=237747"}],"curies":[{"name":"wp","href":"https:\/\/api.w.org\/{rel}","templated":true}]}}