{"id":237735,"date":"2020-05-05T22:10:39","date_gmt":"2020-05-06T01:10:39","guid":{"rendered":"https:\/\/notinor.com\/jujuy\/?p=237735"},"modified":"2020-05-05T22:25:22","modified_gmt":"2020-05-06T01:25:22","slug":"repitieron-los-test-a-lo-45-trabajadores-y-dio-negativo-de-nuevo","status":"publish","type":"post","link":"https:\/\/notinor.com\/jujuy\/repitieron-los-test-a-lo-45-trabajadores-y-dio-negativo-de-nuevo\/","title":{"rendered":"Repitieron los test a los 45 trabajadores y dieron negativo de nuevo"},"content":{"rendered":"\n<p>Fueron examinados hace unas semanas luego de su arribo a la provincia. Continuar\u00e1 bajo seguimiento en el hospital de Campa\u00f1a de Ciudad Cultural. <\/p>\n\n\n\n<figure class=\"wp-block-image size-large\"><img decoding=\"async\" loading=\"lazy\" width=\"900\" height=\"555\" src=\"https:\/\/i2.wp.com\/notinor.com\/jujuy\/wp-content\/uploads\/2020\/05\/hospital-campa\u00f1a.jpg?fit=778%2C480&amp;ssl=1\" alt=\"\" class=\"wp-image-237737\" srcset=\"https:\/\/notinor.com\/jujuy\/wp-content\/uploads\/2020\/05\/hospital-campa\u00f1a.jpg 900w, https:\/\/notinor.com\/jujuy\/wp-content\/uploads\/2020\/05\/hospital-campa\u00f1a-592x365.jpg 592w, https:\/\/notinor.com\/jujuy\/wp-content\/uploads\/2020\/05\/hospital-campa\u00f1a-778x480.jpg 778w, https:\/\/notinor.com\/jujuy\/wp-content\/uploads\/2020\/05\/hospital-campa\u00f1a-768x474.jpg 768w, https:\/\/notinor.com\/jujuy\/wp-content\/uploads\/2020\/05\/hospital-campa\u00f1a-300x184.jpg 300w\" sizes=\"(max-width: 900px) 100vw, 900px\" \/><\/figure>\n\n\n\n<p class=\"has-background has-vivid-cyan-blue-background-color\">El Comit\u00e9 Operativo de Emergencias inform\u00f3 novedades respecto de la emergencia sanitaria debido a la pandemia del coronavirus en la provincia.<\/p>\n\n\n\n<p>Al respecto Omar Guti\u00e9rrez confirm\u00f3 que se repiti\u00f3 el  test a los 45 trabajadores golondrina que arribaron a la provincia de Jujuy desde R\u00edo Negro y todos dieron negativo.<\/p>\n\n\n\n<p>\u00abEn primera instancia a estas personas ya le hab\u00edamos realizado test PCR y en el d\u00eda de hoy han sido testeadas nuevamente y podemos darle la tranquilidad de que la totalidad de los trabajadores golondrina dieron negativo. Esto nos pone en una situaci\u00f3n de mucha m\u00e1s tranquilidad para poder establecer el periodo de seguridad.&nbsp;Prontamente se instrumentar\u00e1 la posibilidad de que puedan ir a sus domicilios\u00ab, explic\u00f3 el funcionario.<\/p>\n\n\n\n<p>Cabe recordar que el pasado 28 de abril ya se hab\u00eda testeado al contingente de trabajadores juje\u00f1os y tambi\u00e9n el resultado hab\u00eda sido negativo.<\/p>\n\n\n\n<p>Los trabajadores golondrina continuar\u00e1n en el hospital de campa\u00f1a de Ciudad Cultural bajo cuidado sanitario ya que&nbsp;el seguimiento debe llevarse a cabo por un lapso total de alrededor de 14 d\u00edas.<\/p>\n","protected":false},"excerpt":{"rendered":"<p>Fueron examinados hace unas semanas luego de su arribo a la provincia. Continuar\u00e1 bajo seguimiento en el hospital de Campa\u00f1a de Ciudad Cultural. El Comit\u00e9 Operativo de Emergencias inform\u00f3 novedades respecto de la emergencia sanitaria debido a la pandemia del coronavirus en la provincia. Al respecto Omar Guti\u00e9rrez confirm\u00f3 que se repiti\u00f3 el test a [&hellip;]<\/p>\n","protected":false},"author":1,"featured_media":237737,"comment_status":"closed","ping_status":"closed","sticky":false,"template":"","format":"standard","meta":{"_stopmodifiedupdate":false,"_modified_date":"","inline_featured_image":false,"spay_email":"","jetpack_publicize_message":"Fueron examinados hace unas semanas luego de su arribo a la provincia. Continuar\u00e1 bajo seguimiento en el hospital de Campa\u00f1a de Ciudad Cultural. "},"categories":[2],"tags":[],"jetpack_featured_media_url":"https:\/\/notinor.com\/jujuy\/wp-content\/uploads\/2020\/05\/hospital-campa\u00f1a.jpg","jetpack_publicize_connections":[],"_links":{"self":[{"href":"https:\/\/notinor.com\/jujuy\/wp-json\/wp\/v2\/posts\/237735"}],"collection":[{"href":"https:\/\/notinor.com\/jujuy\/wp-json\/wp\/v2\/posts"}],"about":[{"href":"https:\/\/notinor.com\/jujuy\/wp-json\/wp\/v2\/types\/post"}],"author":[{"embeddable":true,"href":"https:\/\/notinor.com\/jujuy\/wp-json\/wp\/v2\/users\/1"}],"replies":[{"embeddable":true,"href":"https:\/\/notinor.com\/jujuy\/wp-json\/wp\/v2\/comments?post=237735"}],"version-history":[{"count":4,"href":"https:\/\/notinor.com\/jujuy\/wp-json\/wp\/v2\/posts\/237735\/revisions"}],"predecessor-version":[{"id":237740,"href":"https:\/\/notinor.com\/jujuy\/wp-json\/wp\/v2\/posts\/237735\/revisions\/237740"}],"wp:featuredmedia":[{"embeddable":true,"href":"https:\/\/notinor.com\/jujuy\/wp-json\/wp\/v2\/media\/237737"}],"wp:attachment":[{"href":"https:\/\/notinor.com\/jujuy\/wp-json\/wp\/v2\/media?parent=237735"}],"wp:term":[{"taxonomy":"category","embeddable":true,"href":"https:\/\/notinor.com\/jujuy\/wp-json\/wp\/v2\/categories?post=237735"},{"taxonomy":"post_tag","embeddable":true,"href":"https:\/\/notinor.com\/jujuy\/wp-json\/wp\/v2\/tags?post=237735"}],"curies":[{"name":"wp","href":"https:\/\/api.w.org\/{rel}","templated":true}]}}