{"id":237720,"date":"2020-05-05T20:56:40","date_gmt":"2020-05-05T23:56:40","guid":{"rendered":"https:\/\/notinor.com\/jujuy\/?p=237720"},"modified":"2020-08-24T12:24:20","modified_gmt":"2020-08-24T15:24:20","slug":"estreno-jesus-en-telefe-como-le-fue-con-el-rating","status":"publish","type":"post","link":"https:\/\/notinor.com\/jujuy\/estreno-jesus-en-telefe-como-le-fue-con-el-rating\/","title":{"rendered":"Estren\u00f3 \"Jes\u00fas\" en Telefe: \u00bfc\u00f3mo le fue con el rating?"},"content":{"rendered":"\n<p><br> De los creadores de la exitosa \u201cMois\u00e9s y los Diez mandamientos\u201d, la nueva ficci\u00f3n apunta a reflejar pasajes b\u00edblicos e indagar\u00e1 en las historias de los personajes que convivieron con Jes\u00fas.<\/p>\n\n\n\n<figure class=\"wp-block-image size-large\"><img decoding=\"async\" loading=\"lazy\" width=\"800\" height=\"450\" src=\"https:\/\/notinor.com\/jujuy\/wp-content\/uploads\/2020\/05\/jesus.jpg\" alt=\"\" class=\"wp-image-237721\" srcset=\"https:\/\/notinor.com\/jujuy\/wp-content\/uploads\/2020\/05\/jesus.jpg 800w, https:\/\/notinor.com\/jujuy\/wp-content\/uploads\/2020\/05\/jesus-649x365.jpg 649w, https:\/\/notinor.com\/jujuy\/wp-content\/uploads\/2020\/05\/jesus-500x280.jpg 500w, https:\/\/notinor.com\/jujuy\/wp-content\/uploads\/2020\/05\/jesus-768x432.jpg 768w\" sizes=\"(max-width: 800px) 100vw, 800px\" \/><\/figure>\n\n\n\n<p class=\"has-background has-vivid-cyan-blue-background-color\">Este lunes Telefe estren\u00f3 \"Jes\u00fas\" la telenovela brasile\u00f1a que cuenta con una superproducci\u00f3n internacional basada en la impactante historia de Jes\u00fas de Nazaret,<\/p>\n\n\n\n<p>En esta ocasi\u00f3n, el rating acompa\u00f1\u00f3 a la producci\u00f3n que tuvo un buen arranque con un piso de 8,5 y r\u00e1pidamente trep\u00f3 a 10,5.<\/p>\n\n\n\n<p>De los creadores de la exitosa \u201cMois\u00e9s y los Diez mandamientos\u201d, la nueva ficci\u00f3n apunta a reflejar pasajes b\u00edblicos e indagar\u00e1 en las historias de los personajes que convivieron con Jes\u00fas.<\/p>\n\n\n\n<figure class=\"wp-block-embed-youtube wp-block-embed is-type-video is-provider-youtube wp-embed-aspect-16-9 wp-has-aspect-ratio\"><div class=\"wp-block-embed__wrapper\">\nhttps:\/\/www.youtube.com\/watch?v=QEMtR4tLPUk\n<\/div><\/figure>\n\n\n\n<p>Escrita por Paula Richard y con la direcci\u00f3n de Edgar Miranda, la serie est\u00e1 filmada en Marruecos. Se trata de una gran producci\u00f3n de \u00e9poca que cuenta con m\u00e1s de 200 escenas grabadas y la participaci\u00f3n de 350 profesionales.<\/p>\n\n\n\n<p>\u201cJes\u00fas\u201d est\u00e1 protagonizada por el actor brasile\u00f1o Dudu Azevedo, qui\u00e9n se luci\u00f3 en \u201cMois\u00e9s y los Diez mandamientos\u201d, y cuenta con la actuaci\u00f3n de Guilherme Winter, quien protagoniz\u00f3 la misma tira.<\/p>\n\n\n\n<p>En tiempos de coronavirus y cuando la ficci\u00f3n nacional pide por espacios en los canales para percibir regal\u00edas por exhibici\u00f3n, la tira brasile\u00f1a ocupar\u00e1 el lugar de \u201cJuntos podemos lograrlo\u201d, ciclo que comanda Santiago del Moro, quien regresar\u00e1 a la pantalla chica con \u201cTrato hecho\u201d, un programa que el canal que dirige Guillermo Pendino ten\u00eda preparado para el conductor y que fue postergado por la pandemia.<\/p>\n","protected":false},"excerpt":{"rendered":"<p>De los creadores de la exitosa \u201cMois\u00e9s y los Diez mandamientos\u201d, la nueva ficci\u00f3n apunta a reflejar pasajes b\u00edblicos e indagar\u00e1 en las historias de los personajes que convivieron con Jes\u00fas. Este lunes Telefe estren\u00f3 \"Jes\u00fas\" la telenovela brasile\u00f1a que cuenta con una superproducci\u00f3n internacional basada en la impactante historia de Jes\u00fas de Nazaret, En [&hellip;]<\/p>\n","protected":false},"author":1,"featured_media":237721,"comment_status":"closed","ping_status":"closed","sticky":false,"template":"","format":"standard","meta":{"_stopmodifiedupdate":false,"_modified_date":"","inline_featured_image":false},"categories":[21],"tags":[],"jetpack_featured_media_url":"https:\/\/notinor.com\/jujuy\/wp-content\/uploads\/2020\/05\/jesus.jpg","_links":{"self":[{"href":"https:\/\/notinor.com\/jujuy\/wp-json\/wp\/v2\/posts\/237720"}],"collection":[{"href":"https:\/\/notinor.com\/jujuy\/wp-json\/wp\/v2\/posts"}],"about":[{"href":"https:\/\/notinor.com\/jujuy\/wp-json\/wp\/v2\/types\/post"}],"author":[{"embeddable":true,"href":"https:\/\/notinor.com\/jujuy\/wp-json\/wp\/v2\/users\/1"}],"replies":[{"embeddable":true,"href":"https:\/\/notinor.com\/jujuy\/wp-json\/wp\/v2\/comments?post=237720"}],"version-history":[{"count":2,"href":"https:\/\/notinor.com\/jujuy\/wp-json\/wp\/v2\/posts\/237720\/revisions"}],"predecessor-version":[{"id":237723,"href":"https:\/\/notinor.com\/jujuy\/wp-json\/wp\/v2\/posts\/237720\/revisions\/237723"}],"wp:featuredmedia":[{"embeddable":true,"href":"https:\/\/notinor.com\/jujuy\/wp-json\/wp\/v2\/media\/237721"}],"wp:attachment":[{"href":"https:\/\/notinor.com\/jujuy\/wp-json\/wp\/v2\/media?parent=237720"}],"wp:term":[{"taxonomy":"category","embeddable":true,"href":"https:\/\/notinor.com\/jujuy\/wp-json\/wp\/v2\/categories?post=237720"},{"taxonomy":"post_tag","embeddable":true,"href":"https:\/\/notinor.com\/jujuy\/wp-json\/wp\/v2\/tags?post=237720"}],"curies":[{"name":"wp","href":"https:\/\/api.w.org\/{rel}","templated":true}]}}