{"id":237258,"date":"2020-05-03T19:07:20","date_gmt":"2020-05-03T22:07:20","guid":{"rendered":"https:\/\/notinor.com\/jujuy\/?p=237258"},"modified":"2020-05-03T19:07:25","modified_gmt":"2020-05-03T22:07:25","slug":"el-gobierno-anuncia-la-continuidad-del-ingreso-familiar-de-emergencia","status":"publish","type":"post","link":"https:\/\/notinor.com\/jujuy\/el-gobierno-anuncia-la-continuidad-del-ingreso-familiar-de-emergencia\/","title":{"rendered":"El Gobierno anuncia la continuidad del ingreso familiar de emergencia"},"content":{"rendered":"\n<p>El jefe de Gabinete, Santiago Cafiero, ratific\u00f3 que se convoc\u00f3 para el lunes al equipo econ\u00f3mico para extender el IFE.<\/p>\n\n\n\n<figure class=\"wp-block-image size-large\"><img decoding=\"async\" loading=\"lazy\" width=\"1033\" height=\"688\" src=\"https:\/\/i0.wp.com\/notinor.com\/jujuy\/wp-content\/uploads\/2020\/05\/3208412w1033.jpg?fit=721%2C480&amp;ssl=1\" alt=\"\" class=\"wp-image-237260\" srcset=\"https:\/\/notinor.com\/jujuy\/wp-content\/uploads\/2020\/05\/3208412w1033.jpg 1033w, https:\/\/notinor.com\/jujuy\/wp-content\/uploads\/2020\/05\/3208412w1033-548x365.jpg 548w, https:\/\/notinor.com\/jujuy\/wp-content\/uploads\/2020\/05\/3208412w1033-721x480.jpg 721w, https:\/\/notinor.com\/jujuy\/wp-content\/uploads\/2020\/05\/3208412w1033-768x512.jpg 768w, https:\/\/notinor.com\/jujuy\/wp-content\/uploads\/2020\/05\/3208412w1033-400x266.jpg 400w\" sizes=\"(max-width: 1033px) 100vw, 1033px\" \/><\/figure>\n\n\n\n<p class=\"has-background has-vivid-cyan-blue-background-color\">A modo de columna vertebral de la pol\u00edtica de \"contenci\u00f3n\" social de los sectores m\u00e1s castigados por la cuarentena obligatoria, el gobierno de\u00a0<strong>Alberto Fern\u00e1ndez\u00a0<\/strong>definir\u00e1 este lunes la segunda entrega en mayo del Ingreso Familiar de Emergencia (IFE), los $10.000 que terminar\u00e1n de cobrar 8 millones de beneficiarios en todo el pa\u00eds.<\/p>\n\n\n\n<p>Al mismo tiempo, y en un escenario monitoreado \"d\u00eda a d\u00eda\", la Casa Rosada prev\u00e9, a partir del lunes 11, una mayor apertura de la cuarentena en buena parte del pa\u00eds, con la excepci\u00f3n de la zona metropolitana (AMBA), d\u00f3nde se registra un suave pero sostenido aumento de contagios y v\u00edctimas fatales, y un pu\u00f1ado adicional de provincias con muchos infectados.<\/p>\n\n\n\n<p>\"Convoqu\u00e9 a reuni\u00f3n del gabinete econ\u00f3mico ma\u00f1ana a las 10, para darle continuidad y abonar el mes de abril\", afirm\u00f3 el jefe de gabinete Santiago Cafiero, en declaraciones a radio Con Vos. De la reuni\u00f3n, en la que definir\u00e1 la modalidad de continuaci\u00f3n del beneficio, participar\u00e1, por primera vez, la nueva titular de Anses,&nbsp;<strong>Mar\u00eda Fernanda Raverta&nbsp;<\/strong>, reemplazante de&nbsp;<strong>Alejandro Vanoli&nbsp;<\/strong>, quien hab\u00eda puesto en duda la continuidad del aporte estatal (unos $80.000 millones por mes) y abogaba por buscar \"nuevas y mejores alternativas\".<\/p>\n\n\n\n<p>En la Casa Rosada ven como \"natural\" que el IFE contin\u00fae en mayo, en tren de colaborar con los sectores de bajos ingresos a sobrellevar el parate econ\u00f3mico derivado de la lucha contra el coronavirus. \"Abril fue un mes perdido para los mismos que la sufrieron en marzo\", razonaban desde un despacho oficial.<\/p>\n\n\n\n<p>Nadie quiso arriesgar de d\u00f3nde saldr\u00e1n los fondos para abonar, por segunda vez, el beneficio. \"Ya se ver\u00e1 de d\u00f3nde lo sacamos. Pero lo vamos a seguir dando hasta que se nos acabe la plata\", afirmaron voceros del Presidente, preocupados por las dificultades que padecen vastos sectores econ\u00f3micos, sobre todo en la provincia de Buenos Aires, en los que vive buena parte de los 8 millones de beneficiarios anotados. En tren de buscar respuestas-y fondos-Cafiero asegur\u00f3 que el impuesto a las grandes fortunas, que el kirchnerismo duro impulsa en el Congreso, es \"un proyecto que tiene mucho sentido, se est\u00e1 discutiendo en el mundo, el aporte extraordinario en momentos extraordinarios. El proyecto deber\u00e1 ir avanzando en los recintos pero tenemos expectativa que se avance y concrete, es una herramienta valiosa\", dijo el jefe de gabinete.<\/p>\n","protected":false},"excerpt":{"rendered":"<p>El jefe de Gabinete, Santiago Cafiero, ratific\u00f3 que se convoc\u00f3 para el lunes al equipo econ\u00f3mico para extender el IFE. A modo de columna vertebral de la pol\u00edtica de \"contenci\u00f3n\" social de los sectores m\u00e1s castigados por la cuarentena obligatoria, el gobierno de\u00a0Alberto Fern\u00e1ndez\u00a0definir\u00e1 este lunes la segunda entrega en mayo del Ingreso Familiar de [&hellip;]<\/p>\n","protected":false},"author":37,"featured_media":237260,"comment_status":"open","ping_status":"open","sticky":false,"template":"","format":"standard","meta":{"_stopmodifiedupdate":false,"_modified_date":"","inline_featured_image":false,"spay_email":"","jetpack_publicize_message":"El jefe de Gabinete, Santiago Cafiero, ratific\u00f3 que se convoc\u00f3 para el lunes al equipo econ\u00f3mico para extender el IFE."},"categories":[676],"tags":[],"jetpack_featured_media_url":"https:\/\/notinor.com\/jujuy\/wp-content\/uploads\/2020\/05\/3208412w1033.jpg","jetpack_publicize_connections":[],"_links":{"self":[{"href":"https:\/\/notinor.com\/jujuy\/wp-json\/wp\/v2\/posts\/237258"}],"collection":[{"href":"https:\/\/notinor.com\/jujuy\/wp-json\/wp\/v2\/posts"}],"about":[{"href":"https:\/\/notinor.com\/jujuy\/wp-json\/wp\/v2\/types\/post"}],"author":[{"embeddable":true,"href":"https:\/\/notinor.com\/jujuy\/wp-json\/wp\/v2\/users\/37"}],"replies":[{"embeddable":true,"href":"https:\/\/notinor.com\/jujuy\/wp-json\/wp\/v2\/comments?post=237258"}],"version-history":[{"count":1,"href":"https:\/\/notinor.com\/jujuy\/wp-json\/wp\/v2\/posts\/237258\/revisions"}],"predecessor-version":[{"id":237262,"href":"https:\/\/notinor.com\/jujuy\/wp-json\/wp\/v2\/posts\/237258\/revisions\/237262"}],"wp:featuredmedia":[{"embeddable":true,"href":"https:\/\/notinor.com\/jujuy\/wp-json\/wp\/v2\/media\/237260"}],"wp:attachment":[{"href":"https:\/\/notinor.com\/jujuy\/wp-json\/wp\/v2\/media?parent=237258"}],"wp:term":[{"taxonomy":"category","embeddable":true,"href":"https:\/\/notinor.com\/jujuy\/wp-json\/wp\/v2\/categories?post=237258"},{"taxonomy":"post_tag","embeddable":true,"href":"https:\/\/notinor.com\/jujuy\/wp-json\/wp\/v2\/tags?post=237258"}],"curies":[{"name":"wp","href":"https:\/\/api.w.org\/{rel}","templated":true}]}}