{"id":237044,"date":"2020-05-02T09:55:41","date_gmt":"2020-05-02T12:55:41","guid":{"rendered":"https:\/\/notinor.com\/jujuy\/?p=237044"},"modified":"2020-05-02T09:55:43","modified_gmt":"2020-05-02T12:55:43","slug":"cristina-y-massa-autorizaron-un-plus-para-los-empleados-del-congreso-que-trabajen-durante-la-cuarentena","status":"publish","type":"post","link":"https:\/\/notinor.com\/jujuy\/cristina-y-massa-autorizaron-un-plus-para-los-empleados-del-congreso-que-trabajen-durante-la-cuarentena\/","title":{"rendered":"Cristina y Massa autorizaron un plus para los empleados del Congreso que trabajen durante la cuarentena"},"content":{"rendered":"\n<p>El adicional especial es por \u201cEmergencia Sanitaria\u201d y ser\u00e1 abonado a los empleados que hayan concurrido al Palacio Legislativo desde que se declar\u00f3 el aislamiento obligatorio.<\/p>\n\n\n\n<figure class=\"wp-block-image size-large\"><img decoding=\"async\" loading=\"lazy\" width=\"840\" height=\"462\" src=\"https:\/\/notinor.com\/jujuy\/wp-content\/uploads\/2020\/05\/massa_cristina_clarin_1588360525-840x462.jpg\" alt=\"\" class=\"wp-image-237045\" srcset=\"https:\/\/notinor.com\/jujuy\/wp-content\/uploads\/2020\/05\/massa_cristina_clarin_1588360525-840x462.jpg 840w, https:\/\/notinor.com\/jujuy\/wp-content\/uploads\/2020\/05\/massa_cristina_clarin_1588360525-660x363.jpg 660w, https:\/\/notinor.com\/jujuy\/wp-content\/uploads\/2020\/05\/massa_cristina_clarin_1588360525-768x422.jpg 768w, https:\/\/notinor.com\/jujuy\/wp-content\/uploads\/2020\/05\/massa_cristina_clarin_1588360525.jpg 1072w\" sizes=\"(max-width: 840px) 100vw, 840px\" \/><\/figure>\n\n\n\n<p class=\"has-background has-vivid-cyan-blue-background-color\">El personal del Congreso de la Naci\u00f3n que est\u00e1 trabajando durante el per\u00edodo de aislamiento por el coronavirus recibir\u00e1 una suma salarial adicional especial por \"Emergencia Sanitaria\", informaron este jueves fuentes parlamentarias.<\/p>\n\n\n\n<p>El plus, que equivale a 13,56 m\u00f3dulos por d\u00eda de efectivo cumplimiento de tareas, les ser\u00e1 otorgado a los empleados que hayan concurrido al Palacio Legislativo desde que se declar\u00f3 la cuarentena.<\/p>\n\n\n\n<p>El incentivo monetario fue autorizado a trav\u00e9s de una resoluci\u00f3n conjunta firmada por la presidenta del Senado, Cristina Fern\u00e1ndez de Kirchner; y por su par de Diputados, Sergio Massa, indicaron los voceros.<\/p>\n\n\n\n<p>Esta suma especial no servir\u00e1 como base de c\u00e1lculo para cualquier otro adicional, bonificaci\u00f3n o suplemento y no ser\u00e1 objeto de los aportes y contribuciones de leyes previsionales y asistenciales ni de las retenciones por cuotas sindicales.<\/p>\n\n\n\n<p><br> El per\u00edodo establecido para la suma no remunerativa ser\u00e1 desde el 20 de marzo pasado al pr\u00f3ximo 10 de mayo, ambos d\u00edas inclusive, pudiendo ser prorrogado.<\/p>\n\n\n\n<p>Fueron excluidos del plus los Directores, Subdirectores y Jefes de Departamento del Congreso de la Naci\u00f3n.<\/p>\n","protected":false},"excerpt":{"rendered":"<p>El adicional especial es por \u201cEmergencia Sanitaria\u201d y ser\u00e1 abonado a los empleados que hayan concurrido al Palacio Legislativo desde que se declar\u00f3 el aislamiento obligatorio. El personal del Congreso de la Naci\u00f3n que est\u00e1 trabajando durante el per\u00edodo de aislamiento por el coronavirus recibir\u00e1 una suma salarial adicional especial por \"Emergencia Sanitaria\", informaron este [&hellip;]<\/p>\n","protected":false},"author":1,"featured_media":237045,"comment_status":"open","ping_status":"open","sticky":false,"template":"","format":"standard","meta":{"_stopmodifiedupdate":false,"_modified_date":"","inline_featured_image":false,"spay_email":"","jetpack_publicize_message":"El adicional especial es por \u201cEmergencia Sanitaria\u201d y ser\u00e1 abonado a los empleados que hayan concurrido al Palacio Legislativo desde que se declar\u00f3 el aislamiento obligatorio."},"categories":[5,501],"tags":[],"jetpack_featured_media_url":"https:\/\/notinor.com\/jujuy\/wp-content\/uploads\/2020\/05\/massa_cristina_clarin_1588360525.jpg","jetpack_publicize_connections":[],"_links":{"self":[{"href":"https:\/\/notinor.com\/jujuy\/wp-json\/wp\/v2\/posts\/237044"}],"collection":[{"href":"https:\/\/notinor.com\/jujuy\/wp-json\/wp\/v2\/posts"}],"about":[{"href":"https:\/\/notinor.com\/jujuy\/wp-json\/wp\/v2\/types\/post"}],"author":[{"embeddable":true,"href":"https:\/\/notinor.com\/jujuy\/wp-json\/wp\/v2\/users\/1"}],"replies":[{"embeddable":true,"href":"https:\/\/notinor.com\/jujuy\/wp-json\/wp\/v2\/comments?post=237044"}],"version-history":[{"count":1,"href":"https:\/\/notinor.com\/jujuy\/wp-json\/wp\/v2\/posts\/237044\/revisions"}],"predecessor-version":[{"id":237046,"href":"https:\/\/notinor.com\/jujuy\/wp-json\/wp\/v2\/posts\/237044\/revisions\/237046"}],"wp:featuredmedia":[{"embeddable":true,"href":"https:\/\/notinor.com\/jujuy\/wp-json\/wp\/v2\/media\/237045"}],"wp:attachment":[{"href":"https:\/\/notinor.com\/jujuy\/wp-json\/wp\/v2\/media?parent=237044"}],"wp:term":[{"taxonomy":"category","embeddable":true,"href":"https:\/\/notinor.com\/jujuy\/wp-json\/wp\/v2\/categories?post=237044"},{"taxonomy":"post_tag","embeddable":true,"href":"https:\/\/notinor.com\/jujuy\/wp-json\/wp\/v2\/tags?post=237044"}],"curies":[{"name":"wp","href":"https:\/\/api.w.org\/{rel}","templated":true}]}}