{"id":236700,"date":"2020-04-30T10:17:15","date_gmt":"2020-04-30T13:17:15","guid":{"rendered":"https:\/\/notinor.com\/jujuy\/?p=236700"},"modified":"2020-04-30T10:17:19","modified_gmt":"2020-04-30T13:17:19","slug":"en-el-dia-del-animal-violo-la-cuarentena-y-cazo-un-puma-y-dos-cachorros","status":"publish","type":"post","link":"https:\/\/notinor.com\/jujuy\/en-el-dia-del-animal-violo-la-cuarentena-y-cazo-un-puma-y-dos-cachorros\/","title":{"rendered":"En el D\u00eda del Animal, viol\u00f3 la cuarentena y caz\u00f3 un puma y dos cachorros"},"content":{"rendered":"\n<p>El sujeto dispar\u00f3 contra el felino adulto y mat\u00f3 a palazos a\nsus cr\u00edas. Luego, los fotografi\u00f3 y subi\u00f3 las im\u00e1genes a sus redes sociales.\nIndignaci\u00f3n en Santiago del Estero.<\/p>\n\n\n\n<figure class=\"wp-block-image size-large\"><img decoding=\"async\" loading=\"lazy\" width=\"510\" height=\"480\" src=\"https:\/\/notinor.com\/jujuy\/wp-content\/uploads\/2020\/04\/PUMA-510x480.jpg\" alt=\"\" class=\"wp-image-236703\" srcset=\"https:\/\/notinor.com\/jujuy\/wp-content\/uploads\/2020\/04\/PUMA-510x480.jpg 510w, https:\/\/notinor.com\/jujuy\/wp-content\/uploads\/2020\/04\/PUMA-388x365.jpg 388w, https:\/\/notinor.com\/jujuy\/wp-content\/uploads\/2020\/04\/PUMA.jpg 562w\" sizes=\"(max-width: 510px) 100vw, 510px\" \/><\/figure>\n\n\n\n<p class=\"has-background has-vivid-cyan-blue-background-color\"><strong>A pesar de la cuarentena obligatoria impuesta por el Gobierno nacional, un hombre en Santiago de Estero sali\u00f3 de su casa para trasladarse con una escopeta a una zona rural, donde mat\u00f3 un puma con sus cachorros y public\u00f3 las fotos en redes sociales, en las que gener\u00f3 gran repudio entre los usuarios. <\/strong><\/p>\n\n\n\n<p>El indignante episodio ocurri\u00f3 en Villa Mail\u00edn, departamento\nAvellaneda, donde las autoridades de la Subdirecci\u00f3n provincial de Fauna fueron\nalertadas por las im\u00e1genes viralizadas y as\u00ed dieron con el hombre, que qued\u00f3\ndetenido por violar la Ley 4802, de protecci\u00f3n de fauna silvestre, as\u00ed como el\ndecreto de Aislamiento Social, Preventivo y Obligatorio.<\/p>\n\n\n\n<p>Seg\u00fan detallaron las autoridades, los ejemplares son una\nhembra de puma y sus dos cachorros de unos 3 o 4 meses. El animal adulto\nrecibi\u00f3 un disparo de perdigones, provenientes de una escopeta calibre 14, que\nle perfor\u00f3 el pecho.<\/p>\n\n\n\n<p>El autor del hecho, identificado como Cristian Ledesma,\ndeclar\u00f3 que sali\u00f3 en la ma\u00f1ana del mi\u00e9rcoles, con una escopeta y acompa\u00f1ado de\nperros. En un paraje, ubicado a unos 4 kil\u00f3metros de Mail\u00edn, el puma adulto\nhizo frente a los perros para defender a sus cachorros, \u00e9l le dispar\u00f3 y el\nanimal muri\u00f3 100 metros despu\u00e9s, seg\u00fan reprodujo El Liberal.<\/p>\n\n\n\n<p>Si bien es muy com\u00fan que ciertos animales ataquen al ganado\npara alimentarse en \u00e9pocas de hambruna y sequ\u00eda, \u00e9ste no ser\u00eda el caso, afirm\u00f3\nal citado medio Omar N\u00fa\u00f1ez, inspector de la Subdirecci\u00f3n de Fauna.<\/p>\n\n\n\n<p>&nbsp;\u201cEl muchacho\nreconoci\u00f3 que sali\u00f3 a cazar temprano y que mat\u00f3 a estos animales cerca de las\n13.30. No es que le mat\u00f3 las cabras, ni los corderos, ni nada. Este muchacho\nsali\u00f3 a cazar, y justo hoy (el mi\u00e9rcoles), el D\u00eda del Animal\u201d, asegur\u00f3.<\/p>\n","protected":false},"excerpt":{"rendered":"<p>El sujeto dispar\u00f3 contra el felino adulto y mat\u00f3 a palazos a sus cr\u00edas. Luego, los fotografi\u00f3 y subi\u00f3 las im\u00e1genes a sus redes sociales. Indignaci\u00f3n en Santiago del Estero. A pesar de la cuarentena obligatoria impuesta por el Gobierno nacional, un hombre en Santiago de Estero sali\u00f3 de su casa para trasladarse con una [&hellip;]<\/p>\n","protected":false},"author":5,"featured_media":236702,"comment_status":"open","ping_status":"open","sticky":false,"template":"","format":"standard","meta":{"_stopmodifiedupdate":false,"_modified_date":"","inline_featured_image":false},"categories":[3],"tags":[],"jetpack_featured_media_url":"https:\/\/notinor.com\/jujuy\/wp-content\/uploads\/2020\/04\/PUMA1.jpg","_links":{"self":[{"href":"https:\/\/notinor.com\/jujuy\/wp-json\/wp\/v2\/posts\/236700"}],"collection":[{"href":"https:\/\/notinor.com\/jujuy\/wp-json\/wp\/v2\/posts"}],"about":[{"href":"https:\/\/notinor.com\/jujuy\/wp-json\/wp\/v2\/types\/post"}],"author":[{"embeddable":true,"href":"https:\/\/notinor.com\/jujuy\/wp-json\/wp\/v2\/users\/5"}],"replies":[{"embeddable":true,"href":"https:\/\/notinor.com\/jujuy\/wp-json\/wp\/v2\/comments?post=236700"}],"version-history":[{"count":1,"href":"https:\/\/notinor.com\/jujuy\/wp-json\/wp\/v2\/posts\/236700\/revisions"}],"predecessor-version":[{"id":236704,"href":"https:\/\/notinor.com\/jujuy\/wp-json\/wp\/v2\/posts\/236700\/revisions\/236704"}],"wp:featuredmedia":[{"embeddable":true,"href":"https:\/\/notinor.com\/jujuy\/wp-json\/wp\/v2\/media\/236702"}],"wp:attachment":[{"href":"https:\/\/notinor.com\/jujuy\/wp-json\/wp\/v2\/media?parent=236700"}],"wp:term":[{"taxonomy":"category","embeddable":true,"href":"https:\/\/notinor.com\/jujuy\/wp-json\/wp\/v2\/categories?post=236700"},{"taxonomy":"post_tag","embeddable":true,"href":"https:\/\/notinor.com\/jujuy\/wp-json\/wp\/v2\/tags?post=236700"}],"curies":[{"name":"wp","href":"https:\/\/api.w.org\/{rel}","templated":true}]}}