{"id":236660,"date":"2020-04-30T10:03:28","date_gmt":"2020-04-30T13:03:28","guid":{"rendered":"https:\/\/notinor.com\/jujuy\/?p=236660"},"modified":"2020-04-30T10:03:33","modified_gmt":"2020-04-30T13:03:33","slug":"receta-del-dia-con-nuestra-nutricionista-jujena-gimena-castro","status":"publish","type":"post","link":"https:\/\/notinor.com\/jujuy\/receta-del-dia-con-nuestra-nutricionista-jujena-gimena-castro\/","title":{"rendered":"Receta del dia con nuestra nutricionista juje\u00f1a    Gimena Castro"},"content":{"rendered":"\n<figure class=\"wp-block-image size-large\"><img decoding=\"async\" loading=\"lazy\" width=\"566\" height=\"363\" src=\"https:\/\/notinor.com\/jujuy\/wp-content\/uploads\/2020\/04\/WhatsApp-Image-2020-04-30-at-9.37.50-AM.jpeg\" alt=\"\" class=\"wp-image-236669\"\/><\/figure>\n\n\n\n<p>\u00a1Hola! \u00bfC\u00f3mo est\u00e1n? a  partir de hoy los voy acompa\u00f1ar en esta secci\u00f3n de \u201cLa receta del d\u00eda\u201d, mi nombre es Gimena Castro y soy nutricionista, por lo que siempre intentar\u00e9 sugerirles platos nutritivos y deliciosos, que nos ayuden a llevar una alimentaci\u00f3n m\u00e1s saludable.                                           \u00a1No se preocupen, van a ser sencillos!<\/p>\n\n\n\n<p>El d\u00eda de hoy les comparto una receta s\u00faper f\u00e1cil que\u2026                                      \u00a1No la pueden dejar de hacer! <\/p>\n\n\n\n<div class=\"wp-block-media-text alignwide\"><figure class=\"wp-block-media-text__media\"><img decoding=\"async\" loading=\"lazy\" width=\"110\" height=\"74\" src=\"https:\/\/notinor.com\/jujuy\/wp-content\/uploads\/2020\/04\/image-8.png\" alt=\"\" class=\"wp-image-236671\"\/><\/figure><div class=\"wp-block-media-text__content\">\n<p class=\"has-large-font-size\"><strong>Tomates rellenos <\/strong><\/p>\n<\/div><\/div>\n\n\n\n<p>Tiempo: 15 min&nbsp;&nbsp;&nbsp;&nbsp;&nbsp;&nbsp;&nbsp;&nbsp;&nbsp;&nbsp;&nbsp;&nbsp;&nbsp;&nbsp;&nbsp;&nbsp;&nbsp;&nbsp;&nbsp;&nbsp;&nbsp;&nbsp;&nbsp;&nbsp;&nbsp;&nbsp;&nbsp; Rinde: 1 porci\u00f3n <\/p>\n\n\n\n<p>Ingredientes: <\/p>\n\n\n\n<ul><li>\u00bd lata de at\u00fan <\/li><li>\u00bc taza de Granos de choclo<\/li><li>2 tomates redondos ahuecados<\/li><li>Pulpa de los tomates<\/li><li>\u00bd Zanahoria rallada<\/li><li>Sal, nuez moscada c\/s<\/li><\/ul>\n\n\n\n<p>Preparaci\u00f3n: <\/p>\n\n\n\n<ul><li>Ahuecar los tomates, salpimentar y reservar.\nPicar la pulpa o procesar.<\/li><li>Mezclar todos los ingredientes condimentar y\nrellenar los tomates, acompa\u00f1ar con ensalada de hojas verdes (lechuga,\nespinaca, berro o r\u00facula)<\/li><\/ul>\n\n\n\n<p> Nota: se puede reemplazar el at\u00fan por pollo hervido desmenuzado <\/p>\n\n\n\n<p>CEL 3885831464 \u2013 3875637126<\/p>\n\n\n\n<p>FB NUTRIFOOD nutrici\u00f3n y diet\u00e9tica<\/p>\n\n\n\n<p>Instagram nutrifood salud<\/p>\n\n\n\n<figure class=\"wp-block-embed-facebook wp-block-embed\"><div class=\"wp-block-embed__wrapper\">\nhttps:\/\/www.facebook.com\/Gimena-Castro-Nutricionista-567039203467640\/\n<\/div><\/figure>\n","protected":false},"excerpt":{"rendered":"<p>\u00a1Hola! \u00bfC\u00f3mo est\u00e1n? a partir de hoy los voy acompa\u00f1ar en esta secci\u00f3n de \u201cLa receta del d\u00eda\u201d, mi nombre es Gimena Castro y soy nutricionista, por lo que siempre intentar\u00e9 sugerirles platos nutritivos y deliciosos, que nos ayuden a llevar una alimentaci\u00f3n m\u00e1s saludable. \u00a1No se preocupen, van a ser sencillos! El d\u00eda de [&hellip;]<\/p>\n","protected":false},"author":1,"featured_media":236669,"comment_status":"open","ping_status":"open","sticky":false,"template":"","format":"standard","meta":{"_stopmodifiedupdate":false,"_modified_date":"","inline_featured_image":false},"categories":[493],"tags":[],"jetpack_featured_media_url":"https:\/\/notinor.com\/jujuy\/wp-content\/uploads\/2020\/04\/WhatsApp-Image-2020-04-30-at-9.37.50-AM.jpeg","_links":{"self":[{"href":"https:\/\/notinor.com\/jujuy\/wp-json\/wp\/v2\/posts\/236660"}],"collection":[{"href":"https:\/\/notinor.com\/jujuy\/wp-json\/wp\/v2\/posts"}],"about":[{"href":"https:\/\/notinor.com\/jujuy\/wp-json\/wp\/v2\/types\/post"}],"author":[{"embeddable":true,"href":"https:\/\/notinor.com\/jujuy\/wp-json\/wp\/v2\/users\/1"}],"replies":[{"embeddable":true,"href":"https:\/\/notinor.com\/jujuy\/wp-json\/wp\/v2\/comments?post=236660"}],"version-history":[{"count":2,"href":"https:\/\/notinor.com\/jujuy\/wp-json\/wp\/v2\/posts\/236660\/revisions"}],"predecessor-version":[{"id":236692,"href":"https:\/\/notinor.com\/jujuy\/wp-json\/wp\/v2\/posts\/236660\/revisions\/236692"}],"wp:featuredmedia":[{"embeddable":true,"href":"https:\/\/notinor.com\/jujuy\/wp-json\/wp\/v2\/media\/236669"}],"wp:attachment":[{"href":"https:\/\/notinor.com\/jujuy\/wp-json\/wp\/v2\/media?parent=236660"}],"wp:term":[{"taxonomy":"category","embeddable":true,"href":"https:\/\/notinor.com\/jujuy\/wp-json\/wp\/v2\/categories?post=236660"},{"taxonomy":"post_tag","embeddable":true,"href":"https:\/\/notinor.com\/jujuy\/wp-json\/wp\/v2\/tags?post=236660"}],"curies":[{"name":"wp","href":"https:\/\/api.w.org\/{rel}","templated":true}]}}