{"id":235876,"date":"2020-04-26T12:53:38","date_gmt":"2020-04-26T15:53:38","guid":{"rendered":"https:\/\/notinor.com\/jujuy\/?p=235876"},"modified":"2020-04-26T12:57:48","modified_gmt":"2020-04-26T15:57:48","slug":"el-salar-de-uyuniun-lugar-magico-que-no-pertenece-a-este-mundo","status":"publish","type":"post","link":"https:\/\/notinor.com\/jujuy\/el-salar-de-uyuniun-lugar-magico-que-no-pertenece-a-este-mundo\/","title":{"rendered":"El salar de Uyuni:un lugar m\u00e1gico que no pertenece a este mundo"},"content":{"rendered":"\n<p> El&nbsp;<a href=\"http:\/\/www.telemadrid.es\/programas\/madrilenos-por-el-mundo\/Uyuni-mayor-desierto-sal-mundo-2-1850834956--20161122102827.html\">Salar de Uyuni<\/a>&nbsp;es el desierto de sal m\u00e1s grande del mundo, a unos 3.650m de altitud en&nbsp;<strong>Bolivia<\/strong>. Los meses de lluvia, de enero a marzo, se cubre de agua y su superficie, de 11000 kil\u00f3metros cuadrados de extensi\u00f3n, se convierte en un gigantesco espejo que refleja un maravilloso cielo. <\/p>\n\n\n\n<figure class=\"wp-block-image size-large is-resized\"><img decoding=\"async\" loading=\"lazy\" src=\"https:\/\/i1.wp.com\/notinor.com\/jujuy\/wp-content\/uploads\/2020\/04\/Reflections-Picture-1.jpg?fit=720%2C480&amp;ssl=1\" alt=\"\" class=\"wp-image-235881\" width=\"562\" height=\"374\" srcset=\"https:\/\/notinor.com\/jujuy\/wp-content\/uploads\/2020\/04\/Reflections-Picture-1.jpg 1140w, https:\/\/notinor.com\/jujuy\/wp-content\/uploads\/2020\/04\/Reflections-Picture-1-548x365.jpg 548w, https:\/\/notinor.com\/jujuy\/wp-content\/uploads\/2020\/04\/Reflections-Picture-1-720x480.jpg 720w, https:\/\/notinor.com\/jujuy\/wp-content\/uploads\/2020\/04\/Reflections-Picture-1-768x512.jpg 768w, https:\/\/notinor.com\/jujuy\/wp-content\/uploads\/2020\/04\/Reflections-Picture-1-400x266.jpg 400w\" sizes=\"(max-width: 562px) 100vw, 562px\" \/><\/figure>\n\n\n\n<figure class=\"wp-block-embed-youtube wp-block-embed is-type-video is-provider-youtube wp-embed-aspect-16-9 wp-has-aspect-ratio\"><div class=\"wp-block-embed__wrapper\">\n<div class=\"jeg_video_container jeg_video_content\"><iframe loading=\"lazy\" title=\"El Salar de Uyuni |Landscapes| - El mayor desierto de sal en el mundo\" width=\"500\" height=\"281\" src=\"https:\/\/www.youtube.com\/embed\/Y4nQTqsd1Jc?feature=oembed\" frameborder=\"0\" allow=\"accelerometer; autoplay; encrypted-media; gyroscope; picture-in-picture\" allowfullscreen><\/iframe><\/div>\n<\/div><\/figure>\n\n\n\n<p> Hay pocos lugares en el mundo tan extremos y tan hermosos.&nbsp;<strong>El salar de Uyuni, Bolivia<\/strong>, tiene m\u00e1s de 10.500 kil\u00f3metros cuadrados, es el mayor desierto de sal y la reserva de litio m\u00e1s grande del mundo. La sal que concentra Uyuni tiene unos 120 metros de grosor. A pesar de que se extraen unas 25 mil toneladas de sal al a\u00f1o (junto a litio, potasio y boro), las reservas no tienen visos de agotarse. <\/p>\n\n\n\n<figure class=\"wp-block-image size-large is-resized\"><img decoding=\"async\" loading=\"lazy\" src=\"https:\/\/notinor.com\/jujuy\/wp-content\/uploads\/2020\/04\/salar_uyuni_necesitas_saber_consejos.jpg\" alt=\"\" class=\"wp-image-235878\" width=\"562\" height=\"339\" srcset=\"https:\/\/notinor.com\/jujuy\/wp-content\/uploads\/2020\/04\/salar_uyuni_necesitas_saber_consejos.jpg 662w, https:\/\/notinor.com\/jujuy\/wp-content\/uploads\/2020\/04\/salar_uyuni_necesitas_saber_consejos-604x365.jpg 604w\" sizes=\"(max-width: 562px) 100vw, 562px\" \/><\/figure>\n","protected":false},"excerpt":{"rendered":"<p>El&nbsp;Salar de Uyuni&nbsp;es el desierto de sal m\u00e1s grande del mundo, a unos 3.650m de altitud en&nbsp;Bolivia. Los meses de lluvia, de enero a marzo, se cubre de agua y su superficie, de 11000 kil\u00f3metros cuadrados de extensi\u00f3n, se convierte en un gigantesco espejo que refleja un maravilloso cielo. Hay pocos lugares en el mundo [&hellip;]<\/p>\n","protected":false},"author":40,"featured_media":235879,"comment_status":"open","ping_status":"open","sticky":false,"template":"","format":"standard","meta":{"_stopmodifiedupdate":false,"_modified_date":"","inline_featured_image":false,"spay_email":"","jetpack_publicize_message":""},"categories":[17],"tags":[],"jetpack_featured_media_url":"https:\/\/notinor.com\/jujuy\/wp-content\/uploads\/2020\/04\/ba6d823fd4c7b9e72f6e203ae0ca8439.jpg","jetpack_publicize_connections":[],"_links":{"self":[{"href":"https:\/\/notinor.com\/jujuy\/wp-json\/wp\/v2\/posts\/235876"}],"collection":[{"href":"https:\/\/notinor.com\/jujuy\/wp-json\/wp\/v2\/posts"}],"about":[{"href":"https:\/\/notinor.com\/jujuy\/wp-json\/wp\/v2\/types\/post"}],"author":[{"embeddable":true,"href":"https:\/\/notinor.com\/jujuy\/wp-json\/wp\/v2\/users\/40"}],"replies":[{"embeddable":true,"href":"https:\/\/notinor.com\/jujuy\/wp-json\/wp\/v2\/comments?post=235876"}],"version-history":[{"count":2,"href":"https:\/\/notinor.com\/jujuy\/wp-json\/wp\/v2\/posts\/235876\/revisions"}],"predecessor-version":[{"id":235882,"href":"https:\/\/notinor.com\/jujuy\/wp-json\/wp\/v2\/posts\/235876\/revisions\/235882"}],"wp:featuredmedia":[{"embeddable":true,"href":"https:\/\/notinor.com\/jujuy\/wp-json\/wp\/v2\/media\/235879"}],"wp:attachment":[{"href":"https:\/\/notinor.com\/jujuy\/wp-json\/wp\/v2\/media?parent=235876"}],"wp:term":[{"taxonomy":"category","embeddable":true,"href":"https:\/\/notinor.com\/jujuy\/wp-json\/wp\/v2\/categories?post=235876"},{"taxonomy":"post_tag","embeddable":true,"href":"https:\/\/notinor.com\/jujuy\/wp-json\/wp\/v2\/tags?post=235876"}],"curies":[{"name":"wp","href":"https:\/\/api.w.org\/{rel}","templated":true}]}}