{"id":235257,"date":"2020-04-22T22:16:25","date_gmt":"2020-04-23T01:16:25","guid":{"rendered":"https:\/\/notinor.com\/jujuy\/?p=235257"},"modified":"2020-04-22T22:16:30","modified_gmt":"2020-04-23T01:16:30","slug":"jujuy-llego-a-los-20-dias-consecutivos-sin-casos-positivos-de-covid-19","status":"publish","type":"post","link":"https:\/\/notinor.com\/jujuy\/jujuy-llego-a-los-20-dias-consecutivos-sin-casos-positivos-de-covid-19\/","title":{"rendered":"Jujuy lleg\u00f3 a los 20 d\u00edas consecutivos sin casos positivos de COVID-19"},"content":{"rendered":"\n<p>No hay circulaci\u00f3n local del virus en la provincia y se flexibiliza la cuarentena.<\/p>\n\n\n\n<figure class=\"wp-block-image size-large\"><img decoding=\"async\" loading=\"lazy\" width=\"1024\" height=\"601\" src=\"https:\/\/i2.wp.com\/notinor.com\/jujuy\/wp-content\/uploads\/2020\/04\/6712_Coronavirus5negativos.jpg?fit=818%2C480&amp;ssl=1\" alt=\"\" class=\"wp-image-235258\" srcset=\"https:\/\/notinor.com\/jujuy\/wp-content\/uploads\/2020\/04\/6712_Coronavirus5negativos.jpg 1024w, https:\/\/notinor.com\/jujuy\/wp-content\/uploads\/2020\/04\/6712_Coronavirus5negativos-622x365.jpg 622w, https:\/\/notinor.com\/jujuy\/wp-content\/uploads\/2020\/04\/6712_Coronavirus5negativos-818x480.jpg 818w, https:\/\/notinor.com\/jujuy\/wp-content\/uploads\/2020\/04\/6712_Coronavirus5negativos-768x451.jpg 768w\" sizes=\"(max-width: 1024px) 100vw, 1024px\" \/><\/figure>\n\n\n\n<p class=\"has-background has-vivid-cyan-blue-background-color\">En su reporte diario el COE inform\u00f3 que por vig\u00e9simo d\u00eda consecutivo no se registran nuevos casos de coronavirus en la provincia.<\/p>\n\n\n\n<p>Por tal motivo hoy empez\u00f3 una m\u00ednima flexibilizaci\u00f3n de la cuarentena y las personas tuvieron la posibilidad de salir a caminar o trotar en espacios como parques y plazas seg\u00fan la terminaci\u00f3n de su DNI.<\/p>\n\n\n\n<p>En total se evaluaron 95 personas, de las cuales 90 fueron descartadas. Adem\u00e1s, se destac\u00f3 que todos los casos que se dieron en la provincia fueron importados y no hay circulaci\u00f3n del virus en Jujuy.<\/p>\n\n\n\n<p>De los cinco casos confirmados, cuatro ya recibieron el alta y se encuentran en buen estado de salud. La \u00fanica persona que continua hospitalizada avanza favorablemente y podr\u00eda recibir el alta en los pr\u00f3ximos d\u00edas.<\/p>\n","protected":false},"excerpt":{"rendered":"<p>No hay circulaci\u00f3n local del virus en la provincia y se flexibiliza la cuarentena. En su reporte diario el COE inform\u00f3 que por vig\u00e9simo d\u00eda consecutivo no se registran nuevos casos de coronavirus en la provincia. Por tal motivo hoy empez\u00f3 una m\u00ednima flexibilizaci\u00f3n de la cuarentena y las personas tuvieron la posibilidad de salir [&hellip;]<\/p>\n","protected":false},"author":37,"featured_media":235258,"comment_status":"open","ping_status":"open","sticky":false,"template":"","format":"standard","meta":{"_stopmodifiedupdate":false,"_modified_date":"","inline_featured_image":false,"spay_email":"","jetpack_publicize_message":"No hay circulaci\u00f3n local del virus en la provincia y se flexibiliza la cuarentena."},"categories":[2],"tags":[],"jetpack_featured_media_url":"https:\/\/notinor.com\/jujuy\/wp-content\/uploads\/2020\/04\/6712_Coronavirus5negativos.jpg","jetpack_publicize_connections":[],"_links":{"self":[{"href":"https:\/\/notinor.com\/jujuy\/wp-json\/wp\/v2\/posts\/235257"}],"collection":[{"href":"https:\/\/notinor.com\/jujuy\/wp-json\/wp\/v2\/posts"}],"about":[{"href":"https:\/\/notinor.com\/jujuy\/wp-json\/wp\/v2\/types\/post"}],"author":[{"embeddable":true,"href":"https:\/\/notinor.com\/jujuy\/wp-json\/wp\/v2\/users\/37"}],"replies":[{"embeddable":true,"href":"https:\/\/notinor.com\/jujuy\/wp-json\/wp\/v2\/comments?post=235257"}],"version-history":[{"count":1,"href":"https:\/\/notinor.com\/jujuy\/wp-json\/wp\/v2\/posts\/235257\/revisions"}],"predecessor-version":[{"id":235259,"href":"https:\/\/notinor.com\/jujuy\/wp-json\/wp\/v2\/posts\/235257\/revisions\/235259"}],"wp:featuredmedia":[{"embeddable":true,"href":"https:\/\/notinor.com\/jujuy\/wp-json\/wp\/v2\/media\/235258"}],"wp:attachment":[{"href":"https:\/\/notinor.com\/jujuy\/wp-json\/wp\/v2\/media?parent=235257"}],"wp:term":[{"taxonomy":"category","embeddable":true,"href":"https:\/\/notinor.com\/jujuy\/wp-json\/wp\/v2\/categories?post=235257"},{"taxonomy":"post_tag","embeddable":true,"href":"https:\/\/notinor.com\/jujuy\/wp-json\/wp\/v2\/tags?post=235257"}],"curies":[{"name":"wp","href":"https:\/\/api.w.org\/{rel}","templated":true}]}}