{"id":234778,"date":"2020-04-21T00:45:57","date_gmt":"2020-04-21T03:45:57","guid":{"rendered":"https:\/\/notinor.com\/jujuy\/?p=234778"},"modified":"2020-04-21T08:41:48","modified_gmt":"2020-04-21T11:41:48","slug":"pobre-el-drama-del-futbolista-argentino-que-duerme-en-el-aeropuerto-de-frankfurt-aca-no-hay-nadie","status":"publish","type":"post","link":"https:\/\/notinor.com\/jujuy\/pobre-el-drama-del-futbolista-argentino-que-duerme-en-el-aeropuerto-de-frankfurt-aca-no-hay-nadie\/","title":{"rendered":"Pobre! El drama del futbolista argentino que duerme en el aeropuerto de Frankfurt: \u201cAc\u00e1 no hay nadie\u201d"},"content":{"rendered":"\n<p> Varado en Alemania por la pandemia del coronavirus, Leonardo Gil relat\u00f3 el duro momento que vive y la odisea a la cual se enfrent\u00f3 para poder emprender el viaje hacia la Argentina desde Arabia Saudita <\/p>\n\n\n\n<figure class=\"wp-block-embed-youtube wp-block-embed is-type-video is-provider-youtube wp-embed-aspect-16-9 wp-has-aspect-ratio\"><div class=\"wp-block-embed__wrapper\">\n<div class=\"jeg_video_container jeg_video_content\"><iframe loading=\"lazy\" title=\"Leonardo Gil, varado en Alemania\" width=\"500\" height=\"281\" src=\"https:\/\/www.youtube.com\/embed\/-tIWg_HyTq4?feature=oembed\" frameborder=\"0\" allow=\"accelerometer; autoplay; encrypted-media; gyroscope; picture-in-picture\" allowfullscreen><\/iframe><\/div>\n<\/div><\/figure>\n\n\n\n<p> <\/p>\n\n\n\n<p>La situaci\u00f3n que est\u00e1 viviendo&nbsp;<strong>Leonardo Gil&nbsp;<\/strong>junto a miles de argentinos que se encuentran varados en el exterior&nbsp;<strong>sin poder regresar<\/strong>&nbsp;al pa\u00eds es desesperante. La angustia del futbolista argentino se puede ver con claridad cuando lo relata en una comunicaci\u00f3n v\u00eda&nbsp;<em>Skype&nbsp;<\/em>para&nbsp;<em>TNT Sports<\/em>. El Colo cont\u00f3 que&nbsp;<strong>desde el viernes duerme en el aeropuerto de Frankfurt, Alemania<\/strong>, debido a que no cuenta con un permiso para poder arribar a Brasil, escala previa a su retorno a la Argentina. El ex jugador de Rosario Central&nbsp;<strong>enfrent\u00f3 una verdadera odisea desde hace varios d\u00edas, cuando decidi\u00f3 abandonar Arabia Saudita&nbsp;<\/strong>por la multiplicidad de infectados en poco tiempo y el temor ante la nueva pandemia del coronavirus que afecta a gran parte del planeta.<\/p>\n\n\n\n<figure class=\"wp-block-image size-large\"><img decoding=\"async\" loading=\"lazy\" width=\"2000\" height=\"1333\" src=\"https:\/\/i1.wp.com\/notinor.com\/jujuy\/wp-content\/uploads\/2020\/04\/3239780.jpg?fit=720%2C480&amp;ssl=1\" alt=\"\" class=\"wp-image-234783\" srcset=\"https:\/\/notinor.com\/jujuy\/wp-content\/uploads\/2020\/04\/3239780.jpg 2000w, https:\/\/notinor.com\/jujuy\/wp-content\/uploads\/2020\/04\/3239780-548x365.jpg 548w, https:\/\/notinor.com\/jujuy\/wp-content\/uploads\/2020\/04\/3239780-720x480.jpg 720w, https:\/\/notinor.com\/jujuy\/wp-content\/uploads\/2020\/04\/3239780-768x512.jpg 768w, https:\/\/notinor.com\/jujuy\/wp-content\/uploads\/2020\/04\/3239780-1536x1024.jpg 1536w, https:\/\/notinor.com\/jujuy\/wp-content\/uploads\/2020\/04\/3239780-400x266.jpg 400w\" sizes=\"(max-width: 2000px) 100vw, 2000px\" \/><\/figure>\n\n\n\n<p>\u201cEstamos en Alemania desde el viernes, viviendo una situaci\u00f3n at\u00edpica.&nbsp;<strong>Trato de ser optimista y tener fuerzas para poder regresar al pa\u00eds. Estoy en el aeropuerto, vivimos casi una odisea para poder llegar a la Argentina, sabemos lo dif\u00edcil que es para todos, no es normal lo que est\u00e1 pasando\u201d<\/strong>, reconoci\u00f3 Leonardo Gil, jugador del Al-Ittihad, quien adem\u00e1s se encuentra&nbsp;<strong>junto a otros dos futbolistas argentinos<\/strong>, tambi\u00e9n provenientes de Arabia Saudita. Estos son&nbsp;<strong>Sergio Vittor y Cristian Guanca<\/strong>, quien adem\u00e1s viaja con sus dos hijas peque\u00f1as y su madre de 56 a\u00f1os. \u201cYo me encontraba en la ciudad de Yidda, mientras que el Chino Vittor estaba en Damac FC y el Chino Guanca en la capital Riad\u201d, detall\u00f3 Gil.<\/p>\n\n\n\n<p>Aunque cuentan con los vuelos, no tienen el permiso para hacer la \u00faltima escala San Pablo-Buenos Aires. \u201cEn la Embajada de Riad nos dieron un permiso para circular luego de presentar nuestros a\u00e9reos, ya los ten\u00edamos todos pagos. Pero&nbsp;<strong>necesit\u00e1bamos un permiso para tomar el vuelo privado desde San Pablo a Buenos Aires. Lamentablemente, tuvimos que quedarnos en Alemania<\/strong>&nbsp;desde el viernes a las 7. Llegamos con la ilusi\u00f3n de volver a Argentina y cinco minutos antes de embarcar nos avisaron que el permiso no hab\u00eda llegado\u201d, relat\u00f3.<\/p>\n\n\n\n<figure class=\"wp-block-image size-large\"><img decoding=\"async\" loading=\"lazy\" width=\"745\" height=\"483\" src=\"https:\/\/i2.wp.com\/notinor.com\/jujuy\/wp-content\/uploads\/2020\/04\/leonardo-gil-1.gif?fit=740%2C480&amp;ssl=1\" alt=\"\" class=\"wp-image-234784\"\/><\/figure>\n\n\n\n<p>Debido a la alta demanda, no encontraron lugar para hospedarse y junto con Vittor deben dormir en el aeropuerto.<strong>&nbsp;\u201cHay un hotel chiquito ac\u00e1 adentro del aeropuerto, est\u00e1 a full porque hay gente de todos los pa\u00edses. Encontramos s\u00f3lo dos habitaciones, que se las dimos a las hijas del Chino Guanca y la mam\u00e1, que es persona de riesgo. S\u00f3lo una noche pudimos dormir en el hotel, hoy nos toca dormir en el aeropuerto. Ac\u00e1 no hay nadie\u201d<\/strong>, precis\u00f3.<\/p>\n\n\n\n<p>Leo cont\u00f3 que la \u00fanica posibilidad es que el permiso les llegue y as\u00ed poder tomar el vuelo que saldr\u00e1 este mi\u00e9rcoles. \u201cEl permiso tiene que ser de Argentina, pero hay gente que est\u00e1 trabajando muy duro para que nosotros podamos regresar a casa y se los agradecemos\u201d. En este punto, aclar\u00f3 que no buscan \u201cser prioridad\u201d porque la asistencia debe ir \u201cpara los que no tienen dinero, alimento o lugar para hospedarse. Saben que fuimos a Arabia en diciembre a trabajar y nos encontramos con esto. Tenemos el deseo de regresar.&nbsp;<strong>Ojal\u00e1 Dios quiera podamos volver, es una situaci\u00f3n dif\u00edcil y complicada\u201d.<\/strong><\/p>\n\n\n\n<p>Y aclar\u00f3:&nbsp;<strong>\u201cNosotros podemos comprar nuestros propios tickets, gastar cantidad de dinero importante para tomar este vuelo privado y volver cumpliendo los recaudos necesarios\u201d.<\/strong><\/p>\n\n\n\n<p>Para terminar, destac\u00f3 al Gobierno Nacional por la forma en que abord\u00f3 la problem\u00e1tica del coronavirus tras compararla con otros pa\u00edses. \u201cHay que ser conscientes y&nbsp;<strong>felicitar al Gobierno por lo que est\u00e1 haciendo<\/strong>, ya que tenemos un n\u00famero muy bajo de esta enfermedad. De Arabia Saudita decidimos salir porque en cuatro hubo m\u00e1s de 7 mil infectados. Subieron repentinamente los n\u00fameros. Ahora estamos en Alemania, que lo tiene mucho m\u00e1s controlado\u201d.<\/p>\n","protected":false},"excerpt":{"rendered":"<p>Varado en Alemania por la pandemia del coronavirus, Leonardo Gil relat\u00f3 el duro momento que vive y la odisea a la cual se enfrent\u00f3 para poder emprender el viaje hacia la Argentina desde Arabia Saudita La situaci\u00f3n que est\u00e1 viviendo&nbsp;Leonardo Gil&nbsp;junto a miles de argentinos que se encuentran varados en el exterior&nbsp;sin poder regresar&nbsp;al pa\u00eds [&hellip;]<\/p>\n","protected":false},"author":1,"featured_media":234784,"comment_status":"open","ping_status":"open","sticky":false,"template":"","format":"standard","meta":{"_stopmodifiedupdate":false,"_modified_date":"","inline_featured_image":false,"spay_email":"","jetpack_publicize_message":""},"categories":[7],"tags":[],"jetpack_featured_media_url":"https:\/\/notinor.com\/jujuy\/wp-content\/uploads\/2020\/04\/leonardo-gil-1.gif","jetpack_publicize_connections":[],"_links":{"self":[{"href":"https:\/\/notinor.com\/jujuy\/wp-json\/wp\/v2\/posts\/234778"}],"collection":[{"href":"https:\/\/notinor.com\/jujuy\/wp-json\/wp\/v2\/posts"}],"about":[{"href":"https:\/\/notinor.com\/jujuy\/wp-json\/wp\/v2\/types\/post"}],"author":[{"embeddable":true,"href":"https:\/\/notinor.com\/jujuy\/wp-json\/wp\/v2\/users\/1"}],"replies":[{"embeddable":true,"href":"https:\/\/notinor.com\/jujuy\/wp-json\/wp\/v2\/comments?post=234778"}],"version-history":[{"count":3,"href":"https:\/\/notinor.com\/jujuy\/wp-json\/wp\/v2\/posts\/234778\/revisions"}],"predecessor-version":[{"id":234823,"href":"https:\/\/notinor.com\/jujuy\/wp-json\/wp\/v2\/posts\/234778\/revisions\/234823"}],"wp:featuredmedia":[{"embeddable":true,"href":"https:\/\/notinor.com\/jujuy\/wp-json\/wp\/v2\/media\/234784"}],"wp:attachment":[{"href":"https:\/\/notinor.com\/jujuy\/wp-json\/wp\/v2\/media?parent=234778"}],"wp:term":[{"taxonomy":"category","embeddable":true,"href":"https:\/\/notinor.com\/jujuy\/wp-json\/wp\/v2\/categories?post=234778"},{"taxonomy":"post_tag","embeddable":true,"href":"https:\/\/notinor.com\/jujuy\/wp-json\/wp\/v2\/tags?post=234778"}],"curies":[{"name":"wp","href":"https:\/\/api.w.org\/{rel}","templated":true}]}}