{"id":234765,"date":"2020-04-21T00:20:09","date_gmt":"2020-04-21T03:20:09","guid":{"rendered":"https:\/\/notinor.com\/jujuy\/?p=234765"},"modified":"2020-04-21T00:20:15","modified_gmt":"2020-04-21T03:20:15","slug":"los-fantasmas-que-acosan-a-alberto-fernandez","status":"publish","type":"post","link":"https:\/\/notinor.com\/jujuy\/los-fantasmas-que-acosan-a-alberto-fernandez\/","title":{"rendered":"Los fantasmas que acosan a Alberto Fern\u00e1ndez"},"content":{"rendered":"\n<figure class=\"wp-block-image size-large\"><img decoding=\"async\" loading=\"lazy\" width=\"980\" height=\"598\" src=\"https:\/\/i2.wp.com\/notinor.com\/jujuy\/wp-content\/uploads\/2020\/04\/alberto.jpg?fit=787%2C480&amp;ssl=1\" alt=\"\" class=\"wp-image-234767\" srcset=\"https:\/\/notinor.com\/jujuy\/wp-content\/uploads\/2020\/04\/alberto.jpg 980w, https:\/\/notinor.com\/jujuy\/wp-content\/uploads\/2020\/04\/alberto-598x365.jpg 598w, https:\/\/notinor.com\/jujuy\/wp-content\/uploads\/2020\/04\/alberto-787x480.jpg 787w, https:\/\/notinor.com\/jujuy\/wp-content\/uploads\/2020\/04\/alberto-768x469.jpg 768w, https:\/\/notinor.com\/jujuy\/wp-content\/uploads\/2020\/04\/alberto-300x184.jpg 300w\" sizes=\"(max-width: 980px) 100vw, 980px\" \/><\/figure>\n\n\n\n<p>A\u00f1os despu\u00e9s de la crisis 2001\/2002, con el lamentable saldo de 39 personas asesinadas en el pa\u00eds, el Dr Jorge Tartaglione estudi\u00f3 las consecuencias en la salud de la poblaci\u00f3n y las posteriores muertes, principalmente por enfermedades card\u00edacas, relacionadas con el desastre econ\u00f3mico producido. Tal vez, los decretos conocidos el domingo a \u00faltima hora se encaminen hacia\u00a0<strong>el salvataje de las dos vidas: las que el bicho mata y las que podr\u00edan morir producto de la crisis econ\u00f3mica autoinducida<\/strong>. Hace falta un gigantesco programa de alivio para que las empresas salgan del coma inducido en el que cayeron por decisiones de un Estado que con eficacia, hasta hoy, cuida la salud de los argentinos. Dijo el presidente de la UIA, Miguel Acevedo: \u201cLos anuncios est\u00e1n dentro de la l\u00ednea que le pedimos al Gobierno. Tras prueba y error empieza a dar respuestas a una realidad productiva ag\u00f3nica. Valoramos que los instrumentos asistan a todas las empresas sin distinci\u00f3n de tama\u00f1o\u201d. Se conoci\u00f3 la semana pasada que sobre un universo de 600 mil empresas, 420 mil solicitaron el pago del 50% del salario v\u00eda REPRO.\u00a0<strong>Las ventas han ca\u00eddo en un 60%. El universo de cheques rechazados del aparato productivo est\u00e1 entre un 40\/50%<\/strong>. Estos guarismos se contraponen con el promedio de rechazos que manifest\u00f3 el presidente del BCRA, Miguel Pesce. Una vez m\u00e1s queda claro que el sistema bancario debi\u00f3 estar dentro del listado de las actividades esenciales. El cheque en los sectores pymes, especialmente, muchas veces act\u00faa como un instrumento de cr\u00e9dito con los proveedores. Cr\u00e9dito que los bancos se niegan a otorgar. Seg\u00fan indicadores econ\u00f3micos, podr\u00eda estar en riesgo el 50% del empleo formal. Un dato no menor: la Asociaci\u00f3n de Fabricantes de Cemento Portland dice que en marzo la ca\u00edda fue del 46.5%, es el m\u00e1s bajo de los \u00faltimos 14 a\u00f1os.\u00a0<strong>El sector de la construcci\u00f3n involucra 300 mil puestos de trabajos directos y 350 mil indirectos<\/strong>. Representantes del sector dicen: \u201cEl coronavirus es el golpe de gracia para una actividad que hace 23 meses viene en ca\u00edda continua\u201d.<\/p>\n\n\n\n<figure class=\"wp-block-image size-large\"><img decoding=\"async\" loading=\"lazy\" width=\"960\" height=\"640\" src=\"https:\/\/i0.wp.com\/notinor.com\/jujuy\/wp-content\/uploads\/2020\/04\/afernandez_0.jpg?fit=720%2C480&amp;ssl=1\" alt=\"\" class=\"wp-image-234769\" srcset=\"https:\/\/notinor.com\/jujuy\/wp-content\/uploads\/2020\/04\/afernandez_0.jpg 960w, https:\/\/notinor.com\/jujuy\/wp-content\/uploads\/2020\/04\/afernandez_0-548x365.jpg 548w, https:\/\/notinor.com\/jujuy\/wp-content\/uploads\/2020\/04\/afernandez_0-720x480.jpg 720w, https:\/\/notinor.com\/jujuy\/wp-content\/uploads\/2020\/04\/afernandez_0-768x512.jpg 768w, https:\/\/notinor.com\/jujuy\/wp-content\/uploads\/2020\/04\/afernandez_0-400x266.jpg 400w\" sizes=\"(max-width: 960px) 100vw, 960px\" \/><\/figure>\n\n\n\n<p>El secretario general de la CGT, Carlos Acu\u00f1a, cree en las buenas intenciones del Gobierno para proteger la mano de obra y la producci\u00f3n.&nbsp;<strong>Le preocupa que la actividad que \u00e9l representa cay\u00f3 aproximadamente un 80%<\/strong>. \u201cEspero una recuperaci\u00f3n en la semana en curso. Tambi\u00e9n nos preocupan los $13 mil millones que el Estado nos adeuda en concepto de obras sociales y el inequitativo reparto de los $2300 millones anteriores. Soy optimista en que esto se corregir\u00e1\u201d.<\/p>\n\n\n\n<p>No cabe duda de que&nbsp;<strong>el Consejo Econ\u00f3mico y Social deber\u00eda estar actuando<\/strong>. Tal vez, con la conducci\u00f3n de quien demostr\u00f3 entender como pocos la producci\u00f3n en \u00e9poca de crisis, con alto desempleo, con quiebras masivas. El Dr. Eduardo Duhalde seguramente tiene mucho que aportar.<\/p>\n\n\n\n<p>Carlos Leyba dice: \u201cAhora hay que emitir, despu\u00e9s el Estado tiene herramientas para ir normalizando una econom\u00eda que arrancar\u00e1 y tendr\u00e1 el acompa\u00f1amiento de la inflaci\u00f3n promedio de Argentina: 25%\u201d.<\/p>\n\n\n\n<p>El presidente Fern\u00e1ndez es consciente de que&nbsp;<strong>el fantasma de la hiperinflaci\u00f3n, ante estas medidas, lo acosa<\/strong>. Sin embargo, algunos economistas sostienen que lo actuado hasta aqu\u00ed no conducir\u00eda necesariamente a ese escenario. La decisi\u00f3n tomada por el Presidente, de implementarse en forma correcta y eficiente, act\u00faa como un respirador que necesita la producci\u00f3n, para no quedar a tiro de muerte el tejido productivo.<\/p>\n\n\n\n<p>Rafaela es la ciudad en la provincia de Santa Fe que por su condici\u00f3n exportadora siempre ha crecido por sobre la media nacional. Hoy a nivel comercial, el 60% de sus empresas pag\u00f3 los sueldos de marzo, pero menos del 50% cumpli\u00f3 con la primera quincena de abril. En una ciudad donde el empleo nunca fue escaso, hoy asisten a sus comedores hijos de alba\u00f1iles, remiseros, electricistas, plomeros. Ciudad donde se est\u00e1 acordando una reducci\u00f3n del 30% en los sueldos del sector metal\u00fargico.<\/p>\n\n\n\n<p><strong>El mundo ayer ha entrado en un proceso de normalizaci\u00f3n<\/strong>. Parecer\u00eda ser una tendencia irreversible en Europa, a\u00fan en los pa\u00edses m\u00e1s golpeados como Italia y Espa\u00f1a, y en los Estados Unidos, donde el proceso de normalizaci\u00f3n abarca 29 de los 50 Estados. El Dr. Jorge Castro me dec\u00eda: \u201cChina en siete semanas control\u00f3 la pandemia, hoy el 60% de las empresas est\u00e1n en plena recuperaci\u00f3n productiva y las trasnacionales lo hicieron en un 90%\u201d. En la provincia de Buenos Aires 90 municipios de 135 han solicitado al gobernador Kicillof comenzar un proceso de normalizaci\u00f3n.<\/p>\n\n\n\n<p>En el caso de la ciudad de Rosario, el intendente Javkin me dijo: \u201cEn un mes se triplic\u00f3 la ayuda de alimentos. Estima que la ca\u00edda de la facturaci\u00f3n de las empresas, en su conjunto, representa m\u00e1s del 50%\u201d. El secretario de Hacienda y Econom\u00eda Diego G\u00f3mez precisa: \u201cAbril proyectado con respecto a marzo da un 44% menos de recaudaci\u00f3n. Proyectamos que el conjunto de recursos tributarios puede caer $500 millones en abril con respecto a marzo. Y las estimaciones para mayo son a\u00fan peores\u201d.<\/p>\n\n\n\n<p><strong>Argentina vive al d\u00eda. El Gobierno va paso a paso. Si de pymes hablamos, el ox\u00edgeno principal es no cortar la cadena de pagos<\/strong>. Carecen de capital de trabajo. Los bancos no prestan. El Estado deber\u00e1 revertir esto cuando empiece a normalizase la situaci\u00f3n. En Estados Unidos los pr\u00e9stamos son a siete a\u00f1os. Argentina tiene un sistema financiero mezquino, su cr\u00e9dito bancario s\u00f3lo representa el 10% del PBI.&nbsp;<strong>Tambi\u00e9n el Gobierno deber\u00e1 pensar en dise\u00f1ar otra forma de producci\u00f3n. La desocupaci\u00f3n y la pobreza post pandemia as\u00ed lo indican<\/strong>. De all\u00ed la importancia de poner en marcha el Consejo Econ\u00f3mico Social. Por ejemplo, en alg\u00fan momento la industria automotriz ten\u00eda el 90% de componente argentino, hoy apenas representa el 20%.<\/p>\n\n\n\n<p>Los entendidos ven una estrecha relaci\u00f3n entre econom\u00eda, cambio clim\u00e1tico y pandemia. Hablando de Estados Unidos, tanto Clinton como Obama fueron a fabricar a China por la mano de obra barata. Lo mismo hicieron muchos pa\u00edses de Europa. El Dr Pablo Canziani me dice: \u201cLa decisi\u00f3n de producir lo que el mundo consume en China (por ejemplo, all\u00ed se fabrican el 80% de los remedios que consumimos), produce una mayor destrucci\u00f3n del ambiente, lo desequilibra. Se detect\u00f3 que uno los efectos es el aumento en el n\u00famero de murci\u00e9lagos\u201d. Y advierte: \u201cSi no tomamos conciencia, esta pandemia puede ser un caso moderado frente a casos m\u00e1s complejos, entre ellos la imposibilidad de producir alimentos\u201d.<\/p>\n\n\n\n<p>Un dato no menor a la hora de repensar el mundo.&nbsp;<strong>El papa Francisco esta semana conformar\u00e1 una comisi\u00f3n post-pandemia para discutir un modelo sustitutivo<\/strong>, cuyo fin es elaborar una econom\u00eda m\u00e1s sana y fuerte, con v\u00ednculos estrechos en el cuidado de la naturaleza. Los tres ejes son lo social, econ\u00f3mico y ambiental.<\/p>\n","protected":false},"excerpt":{"rendered":"<p>A\u00f1os despu\u00e9s de la crisis 2001\/2002, con el lamentable saldo de 39 personas asesinadas en el pa\u00eds, el Dr Jorge Tartaglione estudi\u00f3 las consecuencias en la salud de la poblaci\u00f3n y las posteriores muertes, principalmente por enfermedades card\u00edacas, relacionadas con el desastre econ\u00f3mico producido. Tal vez, los decretos conocidos el domingo a \u00faltima hora se [&hellip;]<\/p>\n","protected":false},"author":1,"featured_media":234769,"comment_status":"open","ping_status":"open","sticky":false,"template":"","format":"standard","meta":{"_stopmodifiedupdate":false,"_modified_date":"","inline_featured_image":false,"spay_email":"","jetpack_publicize_message":""},"categories":[5],"tags":[],"jetpack_featured_media_url":"https:\/\/notinor.com\/jujuy\/wp-content\/uploads\/2020\/04\/afernandez_0.jpg","jetpack_publicize_connections":[],"_links":{"self":[{"href":"https:\/\/notinor.com\/jujuy\/wp-json\/wp\/v2\/posts\/234765"}],"collection":[{"href":"https:\/\/notinor.com\/jujuy\/wp-json\/wp\/v2\/posts"}],"about":[{"href":"https:\/\/notinor.com\/jujuy\/wp-json\/wp\/v2\/types\/post"}],"author":[{"embeddable":true,"href":"https:\/\/notinor.com\/jujuy\/wp-json\/wp\/v2\/users\/1"}],"replies":[{"embeddable":true,"href":"https:\/\/notinor.com\/jujuy\/wp-json\/wp\/v2\/comments?post=234765"}],"version-history":[{"count":1,"href":"https:\/\/notinor.com\/jujuy\/wp-json\/wp\/v2\/posts\/234765\/revisions"}],"predecessor-version":[{"id":234770,"href":"https:\/\/notinor.com\/jujuy\/wp-json\/wp\/v2\/posts\/234765\/revisions\/234770"}],"wp:featuredmedia":[{"embeddable":true,"href":"https:\/\/notinor.com\/jujuy\/wp-json\/wp\/v2\/media\/234769"}],"wp:attachment":[{"href":"https:\/\/notinor.com\/jujuy\/wp-json\/wp\/v2\/media?parent=234765"}],"wp:term":[{"taxonomy":"category","embeddable":true,"href":"https:\/\/notinor.com\/jujuy\/wp-json\/wp\/v2\/categories?post=234765"},{"taxonomy":"post_tag","embeddable":true,"href":"https:\/\/notinor.com\/jujuy\/wp-json\/wp\/v2\/tags?post=234765"}],"curies":[{"name":"wp","href":"https:\/\/api.w.org\/{rel}","templated":true}]}}