{"id":234751,"date":"2020-04-20T23:32:17","date_gmt":"2020-04-21T02:32:17","guid":{"rendered":"https:\/\/notinor.com\/jujuy\/?p=234751"},"modified":"2020-04-20T23:32:22","modified_gmt":"2020-04-21T02:32:22","slug":"martes-21-de-abril-daran-turnos-para-la-revisacion-tecnica-vehicular-en-jujuy","status":"publish","type":"post","link":"https:\/\/notinor.com\/jujuy\/martes-21-de-abril-daran-turnos-para-la-revisacion-tecnica-vehicular-en-jujuy\/","title":{"rendered":"Martes 21 de abril dar\u00e1n turnos para la revisaci\u00f3n t\u00e9cnica vehicular en Jujuy"},"content":{"rendered":"\n<figure class=\"wp-block-image size-large\"><img decoding=\"async\" loading=\"lazy\" width=\"612\" height=\"458\" src=\"https:\/\/notinor.com\/jujuy\/wp-content\/uploads\/2020\/04\/revisaciontecnica.jpg\" alt=\"\" class=\"wp-image-234752\" srcset=\"https:\/\/notinor.com\/jujuy\/wp-content\/uploads\/2020\/04\/revisaciontecnica.jpg 612w, https:\/\/notinor.com\/jujuy\/wp-content\/uploads\/2020\/04\/revisaciontecnica-488x365.jpg 488w\" sizes=\"(max-width: 612px) 100vw, 612px\" \/><\/figure>\n\n\n\n<p> Se atender\u00e1n a autos particulares,dicho por el ministro de Seguridad, Ekel Meyer.<\/p>\n\n\n\n<p> <\/p>\n\n\n\n<p><strong>Desde ma\u00f1ana dar\u00e1n turnos para la revisaci\u00f3n t\u00e9cnica vehicular en Jujuy<\/strong>. La medida se enmarca en lo ya estipulado por el gobierno nacional como actividad exceptuada de la cuarentena.<\/p>\n\n\n\n<p>En una nueva conferencia de prensa del Comit\u00e9 Operativo de Emergencias, el ministro de Seguridad, Ekel Meyer indic\u00f3 que desde este martes se habilitar\u00e1n turnos para la verificaci\u00f3n t\u00e9cnica vehicular en toda la provincia.<\/p>\n\n\n\n<p>La habilitaci\u00f3n de la actividad registral se enmarca dentro de los rubros exceptuados por el gobierno nacional.<strong>&nbsp;La actividad registral nacional y provincial se realizar\u00e1 con sistema de turnos y guardias m\u00ednimas<\/strong>.<\/p>\n\n\n\n<p>\u00abA partir de ma\u00f1ana se va a poner en marcha el otorgamiento de turnos, cumpliendo con todas las normas de bioseguridad, en todas las plantas de verificaci\u00f3n del automotor para todos los particulares que lo requieran\u00bb, expres\u00f3 el ministro Meyer.<\/p>\n\n\n\n<p>Por otro lado, el funcionario explic\u00f3 que se implementa un nuevo sistema de circulaci\u00f3n vehicular en la capital juje\u00f1a y en otros puntos de la provincia.<\/p>\n\n\n\n<p>\u00abHemos aplicado algunos cortes de calle en la capital y ampliamos las veredas en lugares donde hay gran concentraci\u00f3n de personas. En las zonas bancarias y donde hay comercios se podr\u00e1 movilizar con veredas m\u00e1s anchas y los veh\u00edculos se ver\u00e1n impedidos de circular por algunos sectores\u00bb, cerr\u00f3.<\/p>\n","protected":false},"excerpt":{"rendered":"<p>Se atender\u00e1n a autos particulares,dicho por el ministro de Seguridad, Ekel Meyer. Desde ma\u00f1ana dar\u00e1n turnos para la revisaci\u00f3n t\u00e9cnica vehicular en Jujuy. La medida se enmarca en lo ya estipulado por el gobierno nacional como actividad exceptuada de la cuarentena. En una nueva conferencia de prensa del Comit\u00e9 Operativo de Emergencias, el ministro de [&hellip;]<\/p>\n","protected":false},"author":1,"featured_media":234753,"comment_status":"open","ping_status":"open","sticky":false,"template":"","format":"standard","meta":{"_stopmodifiedupdate":false,"_modified_date":"","inline_featured_image":false,"spay_email":"","jetpack_publicize_message":""},"categories":[514],"tags":[],"jetpack_featured_media_url":"https:\/\/notinor.com\/jujuy\/wp-content\/uploads\/2020\/04\/tecnica.jpg","jetpack_publicize_connections":[],"_links":{"self":[{"href":"https:\/\/notinor.com\/jujuy\/wp-json\/wp\/v2\/posts\/234751"}],"collection":[{"href":"https:\/\/notinor.com\/jujuy\/wp-json\/wp\/v2\/posts"}],"about":[{"href":"https:\/\/notinor.com\/jujuy\/wp-json\/wp\/v2\/types\/post"}],"author":[{"embeddable":true,"href":"https:\/\/notinor.com\/jujuy\/wp-json\/wp\/v2\/users\/1"}],"replies":[{"embeddable":true,"href":"https:\/\/notinor.com\/jujuy\/wp-json\/wp\/v2\/comments?post=234751"}],"version-history":[{"count":1,"href":"https:\/\/notinor.com\/jujuy\/wp-json\/wp\/v2\/posts\/234751\/revisions"}],"predecessor-version":[{"id":234754,"href":"https:\/\/notinor.com\/jujuy\/wp-json\/wp\/v2\/posts\/234751\/revisions\/234754"}],"wp:featuredmedia":[{"embeddable":true,"href":"https:\/\/notinor.com\/jujuy\/wp-json\/wp\/v2\/media\/234753"}],"wp:attachment":[{"href":"https:\/\/notinor.com\/jujuy\/wp-json\/wp\/v2\/media?parent=234751"}],"wp:term":[{"taxonomy":"category","embeddable":true,"href":"https:\/\/notinor.com\/jujuy\/wp-json\/wp\/v2\/categories?post=234751"},{"taxonomy":"post_tag","embeddable":true,"href":"https:\/\/notinor.com\/jujuy\/wp-json\/wp\/v2\/tags?post=234751"}],"curies":[{"name":"wp","href":"https:\/\/api.w.org\/{rel}","templated":true}]}}