{"id":234747,"date":"2020-04-20T23:22:56","date_gmt":"2020-04-21T02:22:56","guid":{"rendered":"https:\/\/notinor.com\/jujuy\/?p=234747"},"modified":"2020-04-20T23:23:00","modified_gmt":"2020-04-21T02:23:00","slug":"los-casos-de-dengue-en-jujuy-ascienden-a-1-383","status":"publish","type":"post","link":"https:\/\/notinor.com\/jujuy\/los-casos-de-dengue-en-jujuy-ascienden-a-1-383\/","title":{"rendered":"Los casos de dengue en Jujuy ascienden a 1.383"},"content":{"rendered":"\n<p> La enfermedad transmitida por el mosquito aedes aegipty crece d\u00eda a d\u00eda en la provincia. <\/p>\n\n\n\n<figure class=\"wp-block-image size-large\"><img decoding=\"async\" loading=\"lazy\" width=\"728\" height=\"500\" src=\"https:\/\/i1.wp.com\/notinor.com\/jujuy\/wp-content\/uploads\/2020\/04\/denge.jpg?fit=699%2C480&amp;ssl=1\" alt=\"\" class=\"wp-image-234748\" srcset=\"https:\/\/notinor.com\/jujuy\/wp-content\/uploads\/2020\/04\/denge.jpg 728w, https:\/\/notinor.com\/jujuy\/wp-content\/uploads\/2020\/04\/denge-531x365.jpg 531w, https:\/\/notinor.com\/jujuy\/wp-content\/uploads\/2020\/04\/denge-699x480.jpg 699w\" sizes=\"(max-width: 728px) 100vw, 728px\" \/><\/figure>\n\n\n\n<p>En una nueva conferencia de prensa del Comit\u00e9 Operativo de Emergencias, las autoridades sanitarias dieron a conocer las novedades respecto a la situaci\u00f3n epidemiol\u00f3gica en Jujuy.<\/p>\n\n\n\n<p>En ese marco, el ministro de Salud, Gustavo Bouhid, afirm\u00f3 que ya son 1.383 los casos de dengue en toda la provincia.<\/p>\n\n\n\n<p>San Pedro es la localidad que encabeza la lista con 745 casos, le sigue Yuto con 425; Monterrico 84 casos, San Salvador tiene 29 casos y Perico 14 casos positivos.<\/p>\n\n\n\n<p>\u00abEstamos implementando estrategias conjuntas con los intendentes que han permitido r\u00e1pidamente un descacharrado importante, pero es impotente recalcar a cada juje\u00f1o que realice una limpieza general en su domicilio\u00bb, expres\u00f3 el ministro de Salud.<\/p>\n\n\n\n<figure class=\"wp-block-image size-large\"><img decoding=\"async\" loading=\"lazy\" width=\"1280\" height=\"720\" src=\"https:\/\/i2.wp.com\/notinor.com\/jujuy\/wp-content\/uploads\/2020\/04\/denge-3.jpg?fit=840%2C473&amp;ssl=1\" alt=\"\" class=\"wp-image-234749\" srcset=\"https:\/\/notinor.com\/jujuy\/wp-content\/uploads\/2020\/04\/denge-3.jpg 1280w, https:\/\/notinor.com\/jujuy\/wp-content\/uploads\/2020\/04\/denge-3-649x365.jpg 649w, https:\/\/notinor.com\/jujuy\/wp-content\/uploads\/2020\/04\/denge-3-840x473.jpg 840w, https:\/\/notinor.com\/jujuy\/wp-content\/uploads\/2020\/04\/denge-3-500x280.jpg 500w, https:\/\/notinor.com\/jujuy\/wp-content\/uploads\/2020\/04\/denge-3-768x432.jpg 768w\" sizes=\"(max-width: 1280px) 100vw, 1280px\" \/><\/figure>\n\n\n\n<p>En ese sentido, el funcionario record\u00f3 que \u00abel dengue es una enfermedad que produce fiebre pero tambi\u00e9n puede producir la muerte. Es muy importante para el sistema de salud en medio de una pandemia de coronavirus que no haya pacientes febriles porque eso complica la situaci\u00f3n\u00bb.<\/p>\n\n\n\n<p>Por \u00faltimo, el ministro Bouhid subray\u00f3 que al haber declarado la emergencia sanitaria por el dengue, los agentes sanitarios est\u00e1n habilitados para ingresar a los domicilios y si las personas se resisten a esa medida, el estado provincial est\u00e1 habilitado para realizar una denuncia penal a quienes no colaboren con el personal a cargo de los operativos de descacharrado.<\/p>\n\n\n\n<p><\/p>\n","protected":false},"excerpt":{"rendered":"<p>La enfermedad transmitida por el mosquito aedes aegipty crece d\u00eda a d\u00eda en la provincia. En una nueva conferencia de prensa del Comit\u00e9 Operativo de Emergencias, las autoridades sanitarias dieron a conocer las novedades respecto a la situaci\u00f3n epidemiol\u00f3gica en Jujuy. En ese marco, el ministro de Salud, Gustavo Bouhid, afirm\u00f3 que ya son 1.383 [&hellip;]<\/p>\n","protected":false},"author":1,"featured_media":234749,"comment_status":"open","ping_status":"open","sticky":false,"template":"","format":"standard","meta":{"_stopmodifiedupdate":false,"_modified_date":"","inline_featured_image":false,"spay_email":"","jetpack_publicize_message":""},"categories":[4],"tags":[],"jetpack_featured_media_url":"https:\/\/notinor.com\/jujuy\/wp-content\/uploads\/2020\/04\/denge-3.jpg","jetpack_publicize_connections":[],"_links":{"self":[{"href":"https:\/\/notinor.com\/jujuy\/wp-json\/wp\/v2\/posts\/234747"}],"collection":[{"href":"https:\/\/notinor.com\/jujuy\/wp-json\/wp\/v2\/posts"}],"about":[{"href":"https:\/\/notinor.com\/jujuy\/wp-json\/wp\/v2\/types\/post"}],"author":[{"embeddable":true,"href":"https:\/\/notinor.com\/jujuy\/wp-json\/wp\/v2\/users\/1"}],"replies":[{"embeddable":true,"href":"https:\/\/notinor.com\/jujuy\/wp-json\/wp\/v2\/comments?post=234747"}],"version-history":[{"count":1,"href":"https:\/\/notinor.com\/jujuy\/wp-json\/wp\/v2\/posts\/234747\/revisions"}],"predecessor-version":[{"id":234750,"href":"https:\/\/notinor.com\/jujuy\/wp-json\/wp\/v2\/posts\/234747\/revisions\/234750"}],"wp:featuredmedia":[{"embeddable":true,"href":"https:\/\/notinor.com\/jujuy\/wp-json\/wp\/v2\/media\/234749"}],"wp:attachment":[{"href":"https:\/\/notinor.com\/jujuy\/wp-json\/wp\/v2\/media?parent=234747"}],"wp:term":[{"taxonomy":"category","embeddable":true,"href":"https:\/\/notinor.com\/jujuy\/wp-json\/wp\/v2\/categories?post=234747"},{"taxonomy":"post_tag","embeddable":true,"href":"https:\/\/notinor.com\/jujuy\/wp-json\/wp\/v2\/tags?post=234747"}],"curies":[{"name":"wp","href":"https:\/\/api.w.org\/{rel}","templated":true}]}}