{"id":234736,"date":"2020-04-20T22:53:29","date_gmt":"2020-04-21T01:53:29","guid":{"rendered":"https:\/\/notinor.com\/jujuy\/?p=234736"},"modified":"2020-04-20T22:54:52","modified_gmt":"2020-04-21T01:54:52","slug":"malestar-de-los-productores-por-demoras-en-la-fijacion-de-precio-del-tabaco","status":"publish","type":"post","link":"https:\/\/notinor.com\/jujuy\/malestar-de-los-productores-por-demoras-en-la-fijacion-de-precio-del-tabaco\/","title":{"rendered":"Malestar de los productores por demoras en la fijaci\u00f3n del precio del tabaco"},"content":{"rendered":"\n<p>Lo indic\u00f3 el titular de la C\u00e1mara del Tabaco de Jujuy, Pedro Pascuttini.<\/p>\n\n\n\n<figure class=\"wp-block-image size-large\"><img decoding=\"async\" loading=\"lazy\" width=\"990\" height=\"610\" src=\"https:\/\/i1.wp.com\/notinor.com\/jujuy\/wp-content\/uploads\/2020\/04\/pascutttini.jpg?fit=779%2C480&amp;ssl=1\" alt=\"\" class=\"wp-image-234737\" srcset=\"https:\/\/notinor.com\/jujuy\/wp-content\/uploads\/2020\/04\/pascutttini.jpg 990w, https:\/\/notinor.com\/jujuy\/wp-content\/uploads\/2020\/04\/pascutttini-592x365.jpg 592w, https:\/\/notinor.com\/jujuy\/wp-content\/uploads\/2020\/04\/pascutttini-779x480.jpg 779w, https:\/\/notinor.com\/jujuy\/wp-content\/uploads\/2020\/04\/pascutttini-768x473.jpg 768w, https:\/\/notinor.com\/jujuy\/wp-content\/uploads\/2020\/04\/pascutttini-300x184.jpg 300w\" sizes=\"(max-width: 990px) 100vw, 990px\" \/><\/figure>\n\n\n\n<p>El presidente de la C\u00e1mara del Tabaco de Jujuy, Pedro Pascuttini, inform\u00f3 que se suspendi\u00f3 una videoconferencia con los compradores para fijar el precio del tabaco, un encuentro que era fundamental para el sustento de la actividad y que permitir\u00e1 que los productores puedan acceder a montos que deber\u00edan haber recibido el 2 de enero.<\/p>\n\n\n\n<p>\u00abEstamos en presencia de una actitud totalmente irracional de los compradores, no ven el da\u00f1o y los perjuicios que provocan, los productores tienen obligaciones impagas y altos costos que tienen que afrontar, es una situaci\u00f3n que no es comprendida\u00bb, indic\u00f3 Pascuttini.<\/p>\n\n\n\n<p>El presidente de la c\u00e1mara indic\u00f3 que est\u00e1n decididos a continuar todas las gestiones para que esto se resuelva pronto porque muchos productores se preguntan c\u00f3mo continuar trabajando este a\u00f1o, y los compradores no advierten que habr\u00e1 menos producci\u00f3n si contin\u00faan los atrasos.<\/p>\n\n\n\n<p>\u00abHay menos mano de obra, menor ingreso, menos circuito econ\u00f3mico social y menos reactivaci\u00f3n econ\u00f3mica que es lo que piden a nivel nacional. Este reajuste que estamos pidiendo es dinero que le corresponden a los productores, desde el 2 de enero que ten\u00edan que estar este dinero y es un da\u00f1o para la provincia\u00bb, detall\u00f3 el titular de la c\u00e1mara.<\/p>\n\n\n\n<p>en estos momentos la instituci\u00f3n insistir\u00e1 en llevar adelante la reuni\u00f3n, y pedir\u00e1 su intervenci\u00f3n a autoridades de la provincia y de Naci\u00f3n, para velar por el bienestar de los productores que cada d\u00eda sufren m\u00e1s el contexto econ\u00f3mico. \u00abEste no es el camino y le dijimos a los compradores que es hora de que ellos tambi\u00e9n hagan un esfuerzo como lo estamos haciendo nosotros\u00bb, concluy\u00f3 Pascuttini.<\/p>\n\n\n\n<figure class=\"wp-block-embed-youtube wp-block-embed is-type-video is-provider-youtube wp-embed-aspect-16-9 wp-has-aspect-ratio\"><div class=\"wp-block-embed__wrapper\">\n<div class=\"jeg_video_container jeg_video_content\"><iframe loading=\"lazy\" title=\"Malestar de los productores por demoras en la fijaci\u00f3n de precio del tabaco\" width=\"500\" height=\"281\" src=\"https:\/\/www.youtube.com\/embed\/EA2HBg0yUEE?feature=oembed\" frameborder=\"0\" allow=\"accelerometer; autoplay; encrypted-media; gyroscope; picture-in-picture\" allowfullscreen><\/iframe><\/div>\n<\/div><\/figure>\n","protected":false},"excerpt":{"rendered":"<p>Lo indic\u00f3 el titular de la C\u00e1mara del Tabaco de Jujuy, Pedro Pascuttini. El presidente de la C\u00e1mara del Tabaco de Jujuy, Pedro Pascuttini, inform\u00f3 que se suspendi\u00f3 una videoconferencia con los compradores para fijar el precio del tabaco, un encuentro que era fundamental para el sustento de la actividad y que permitir\u00e1 que los [&hellip;]<\/p>\n","protected":false},"author":1,"featured_media":234740,"comment_status":"open","ping_status":"open","sticky":false,"template":"","format":"standard","meta":{"_stopmodifiedupdate":false,"_modified_date":"","inline_featured_image":false,"spay_email":"","jetpack_publicize_message":""},"categories":[518,514],"tags":[],"jetpack_featured_media_url":"https:\/\/notinor.com\/jujuy\/wp-content\/uploads\/2020\/04\/tabaco-2.jpg","jetpack_publicize_connections":[],"_links":{"self":[{"href":"https:\/\/notinor.com\/jujuy\/wp-json\/wp\/v2\/posts\/234736"}],"collection":[{"href":"https:\/\/notinor.com\/jujuy\/wp-json\/wp\/v2\/posts"}],"about":[{"href":"https:\/\/notinor.com\/jujuy\/wp-json\/wp\/v2\/types\/post"}],"author":[{"embeddable":true,"href":"https:\/\/notinor.com\/jujuy\/wp-json\/wp\/v2\/users\/1"}],"replies":[{"embeddable":true,"href":"https:\/\/notinor.com\/jujuy\/wp-json\/wp\/v2\/comments?post=234736"}],"version-history":[{"count":2,"href":"https:\/\/notinor.com\/jujuy\/wp-json\/wp\/v2\/posts\/234736\/revisions"}],"predecessor-version":[{"id":234742,"href":"https:\/\/notinor.com\/jujuy\/wp-json\/wp\/v2\/posts\/234736\/revisions\/234742"}],"wp:featuredmedia":[{"embeddable":true,"href":"https:\/\/notinor.com\/jujuy\/wp-json\/wp\/v2\/media\/234740"}],"wp:attachment":[{"href":"https:\/\/notinor.com\/jujuy\/wp-json\/wp\/v2\/media?parent=234736"}],"wp:term":[{"taxonomy":"category","embeddable":true,"href":"https:\/\/notinor.com\/jujuy\/wp-json\/wp\/v2\/categories?post=234736"},{"taxonomy":"post_tag","embeddable":true,"href":"https:\/\/notinor.com\/jujuy\/wp-json\/wp\/v2\/tags?post=234736"}],"curies":[{"name":"wp","href":"https:\/\/api.w.org\/{rel}","templated":true}]}}