{"id":234707,"date":"2020-04-20T12:17:23","date_gmt":"2020-04-20T15:17:23","guid":{"rendered":"https:\/\/notinor.com\/jujuy\/?p=234707"},"modified":"2020-04-21T08:40:18","modified_gmt":"2020-04-21T11:40:18","slug":"detenidos-heridos-y-piedrazos-en-un-pelea-de-vecinos-con-la-policia","status":"publish","type":"post","link":"https:\/\/notinor.com\/jujuy\/detenidos-heridos-y-piedrazos-en-un-pelea-de-vecinos-con-la-policia\/","title":{"rendered":"Detenidos, heridos y piedrazos en una pelea de vecinos con la polic\u00eda"},"content":{"rendered":"\n<p>En una confusa situaci\u00f3n desatada en el barrio 14 de Abril de la localidad de Santa Clara, apedrearon a los polic\u00edas de la Seccional 28, que hab\u00edan asistido al lugar ante el llamado de vecinos del lugar para frenar una trifulca desatada entre un grupo de personas que aparentemente inger\u00edan bebidas alcoh\u00f3licas con personas que pasaban por el lugar.<\/p>\n\n\n\n<figure class=\"wp-block-image size-large\"><img decoding=\"async\" loading=\"lazy\" width=\"800\" height=\"444\" src=\"https:\/\/notinor.com\/jujuy\/wp-content\/uploads\/2020\/04\/heridos.jpg\" alt=\"\" class=\"wp-image-234708\" srcset=\"https:\/\/notinor.com\/jujuy\/wp-content\/uploads\/2020\/04\/heridos.jpg 800w, https:\/\/notinor.com\/jujuy\/wp-content\/uploads\/2020\/04\/heridos-658x365.jpg 658w, https:\/\/notinor.com\/jujuy\/wp-content\/uploads\/2020\/04\/heridos-768x426.jpg 768w\" sizes=\"(max-width: 800px) 100vw, 800px\" \/><\/figure>\n\n\n\n<p class=\"has-background has-vivid-cyan-blue-background-color\">Las exaltadas personas en vez de calmar los \u00e1nimos, enfrentaron a la polic\u00eda, que al verse superados debieron solicitar a sus pares de comisar\u00edas cercanas y hasta dos dotaciones del Cuerpo de Infanter\u00eda de la UR 2 con asiento en la ciudad de San Pedro de Jujuy.<\/p>\n\n\n\n<p>Con la llegada de m\u00e1s efectivos de las seccionales 53\u00b0 de Rode\u00edto, 10\u00b0 de El Piquete e Infanter\u00eda, comenzaron a efectuar procedimientos, persecuciones de los malvivientes, logrando detener a 11 personas entre mayores y menores, rescatar a dos efectivos policiales que hab\u00edan sido perseguidos por una turba de revoltosos quienes para salvar sus vidas debieron guarecerse dentro de una vivienda, adem\u00e1s habr\u00edan querido linchar en la huida a uno de los efectivos que se le habr\u00eda ca\u00eddo el arma y fue levantada por uno de los sujetos detenidos, y seg\u00fan expresiones de testigos habr\u00edan efectuado varios disparos y que finalmente fue recuperado el arma.<\/p>\n\n\n\n<figure class=\"wp-block-image size-large\"><img decoding=\"async\" loading=\"lazy\" width=\"800\" height=\"559\" src=\"https:\/\/i0.wp.com\/notinor.com\/jujuy\/wp-content\/uploads\/2020\/04\/heridos2.jpg?fit=687%2C480&amp;ssl=1\" alt=\"\" class=\"wp-image-234709\" srcset=\"https:\/\/notinor.com\/jujuy\/wp-content\/uploads\/2020\/04\/heridos2.jpg 800w, https:\/\/notinor.com\/jujuy\/wp-content\/uploads\/2020\/04\/heridos2-522x365.jpg 522w, https:\/\/notinor.com\/jujuy\/wp-content\/uploads\/2020\/04\/heridos2-687x480.jpg 687w, https:\/\/notinor.com\/jujuy\/wp-content\/uploads\/2020\/04\/heridos2-768x537.jpg 768w, https:\/\/notinor.com\/jujuy\/wp-content\/uploads\/2020\/04\/heridos2-300x210.jpg 300w\" sizes=\"(max-width: 800px) 100vw, 800px\" \/><\/figure>\n\n\n\n<p>Todo este procedimiento dej\u00f3 como saldo 11 personas detenidas entre ellos dos menores de edad, 5 polic\u00edas heridos y 2 m\u00f3viles da\u00f1ados por la pedrea.<\/p>\n\n\n\n<p>Tambi\u00e9n al lugar habr\u00eda arribado el propio Jefe de la UR 2 Comisario Mayor Portillo, acompa\u00f1ado por el Ayudante de la Fiscal\u00eda de Investigaci\u00f3n de turno Dr. Juan Jos\u00e9 Calderari, quienes impartieron las \u00f3rdenes respectivas del caso y se ajuste al protocolo en vigencia para estos casos, m\u00e1s sumado el decreto de urgencia por el COVID 19.<\/p>\n\n\n\n<p>Son varias las versiones surgidas en el lugar por este caso,  pero que en las pr\u00f3ximas horas se informara oficialmente de los hechos surgidos de la investigaci\u00f3n que orden\u00f3 el agente del Ministerio p\u00fablico.<\/p>\n\n\n\n<p>Tambi\u00e9n se aguardaba la presencia del Jefe de la Polic\u00eda de la Provincia, Comisario General Juan Segovia y funcionarios del Ministerio de Justicia y de la Secretaria de Seguridad Publica de la Provincia.<\/p>\n\n\n\n<p>Por orden de la Justicia actuante, se dispuso que algunos detenidos sean trasladados a otras dependencias policiales hasta que se determine las causas a imputar, tomar las declaraciones e indagatorias respectivamente.<\/p>\n","protected":false},"excerpt":{"rendered":"<p>En una confusa situaci\u00f3n desatada en el barrio 14 de Abril de la localidad de Santa Clara, apedrearon a los polic\u00edas de la Seccional 28, que hab\u00edan asistido al lugar ante el llamado de vecinos del lugar para frenar una trifulca desatada entre un grupo de personas que aparentemente inger\u00edan bebidas alcoh\u00f3licas con personas que [&hellip;]<\/p>\n","protected":false},"author":1,"featured_media":234709,"comment_status":"closed","ping_status":"closed","sticky":false,"template":"","format":"standard","meta":{"_stopmodifiedupdate":false,"_modified_date":"","inline_featured_image":false,"spay_email":"","jetpack_publicize_message":"Ocurri\u00f3 en el barrio 14 de Abril de la localidad de Santa Clara. Fueron detenidas once personas. "},"categories":[3],"tags":[],"jetpack_featured_media_url":"https:\/\/notinor.com\/jujuy\/wp-content\/uploads\/2020\/04\/heridos2.jpg","jetpack_publicize_connections":[],"_links":{"self":[{"href":"https:\/\/notinor.com\/jujuy\/wp-json\/wp\/v2\/posts\/234707"}],"collection":[{"href":"https:\/\/notinor.com\/jujuy\/wp-json\/wp\/v2\/posts"}],"about":[{"href":"https:\/\/notinor.com\/jujuy\/wp-json\/wp\/v2\/types\/post"}],"author":[{"embeddable":true,"href":"https:\/\/notinor.com\/jujuy\/wp-json\/wp\/v2\/users\/1"}],"replies":[{"embeddable":true,"href":"https:\/\/notinor.com\/jujuy\/wp-json\/wp\/v2\/comments?post=234707"}],"version-history":[{"count":3,"href":"https:\/\/notinor.com\/jujuy\/wp-json\/wp\/v2\/posts\/234707\/revisions"}],"predecessor-version":[{"id":234712,"href":"https:\/\/notinor.com\/jujuy\/wp-json\/wp\/v2\/posts\/234707\/revisions\/234712"}],"wp:featuredmedia":[{"embeddable":true,"href":"https:\/\/notinor.com\/jujuy\/wp-json\/wp\/v2\/media\/234709"}],"wp:attachment":[{"href":"https:\/\/notinor.com\/jujuy\/wp-json\/wp\/v2\/media?parent=234707"}],"wp:term":[{"taxonomy":"category","embeddable":true,"href":"https:\/\/notinor.com\/jujuy\/wp-json\/wp\/v2\/categories?post=234707"},{"taxonomy":"post_tag","embeddable":true,"href":"https:\/\/notinor.com\/jujuy\/wp-json\/wp\/v2\/tags?post=234707"}],"curies":[{"name":"wp","href":"https:\/\/api.w.org\/{rel}","templated":true}]}}