{"id":234704,"date":"2020-04-20T11:42:01","date_gmt":"2020-04-20T14:42:01","guid":{"rendered":"https:\/\/notinor.com\/jujuy\/?p=234704"},"modified":"2020-08-24T12:24:25","modified_gmt":"2020-08-24T15:24:25","slug":"murio-el-musico-y-humorista-horacio-el-negro-fontova","status":"publish","type":"post","link":"https:\/\/notinor.com\/jujuy\/murio-el-musico-y-humorista-horacio-el-negro-fontova\/","title":{"rendered":"Muri\u00f3 el m\u00fasico y humorista Horacio \"El Negro\" Fontova"},"content":{"rendered":"\n<p><br> Talentoso, rebelde y con mucha popularidad en la d\u00e9cada del '80 y '90.<\/p>\n\n\n\n<figure class=\"wp-block-image size-large\"><img decoding=\"async\" loading=\"lazy\" width=\"722\" height=\"442\" src=\"https:\/\/notinor.com\/jujuy\/wp-content\/uploads\/2020\/04\/FONTOVA.jpeg\" alt=\"\" class=\"wp-image-234705\" srcset=\"https:\/\/notinor.com\/jujuy\/wp-content\/uploads\/2020\/04\/FONTOVA.jpeg 722w, https:\/\/notinor.com\/jujuy\/wp-content\/uploads\/2020\/04\/FONTOVA-596x365.jpeg 596w, https:\/\/notinor.com\/jujuy\/wp-content\/uploads\/2020\/04\/FONTOVA-300x184.jpeg 300w\" sizes=\"(max-width: 722px) 100vw, 722px\" \/><\/figure>\n\n\n\n<p class=\"has-background has-vivid-cyan-blue-background-color\">Muri\u00f3 Horacio Fontova, \u00abel Negro\u00bb, m\u00fasico y actor reconocido en la d\u00e9cada de los 80 y 90. La noticia fue confirmada en las \u00faltimas horas por su esposa.<\/p>\n\n\n\n<p>Nacido en el seno de una familia de m\u00fasicos cl\u00e1sicos, comenz\u00f3 a forjar sus propios gustos en su adolescencia y junto a su prima Susana, guitarras en mano, incursionaron en distintos \u00e1mbitos como d\u00fao folcl\u00f3rico.<\/p>\n\n\n\n<p>Se muri\u00f3 Horacio Fontova. Uno de esos tipos imprescindibles para la cultura argentina. M\u00fasico, actor, artista gr\u00e1fico. Un creativo total que entre otras cosas clav\u00f3 una de las mejores tapas de la historia de las revistas de este pa\u00eds. Sal\u00fa Negro!<\/p>\n\n\n\n<figure class=\"wp-block-embed-youtube wp-block-embed is-type-video is-provider-youtube wp-embed-aspect-4-3 wp-has-aspect-ratio\"><div class=\"wp-block-embed__wrapper\">\n<div class=\"jeg_video_container jeg_video_content\"><iframe loading=\"lazy\" title=\"Horacio Fontova - Me Siento Bien\" width=\"500\" height=\"375\" src=\"https:\/\/www.youtube.com\/embed\/EPqTXcWw3GY?feature=oembed\" frameborder=\"0\" allow=\"accelerometer; autoplay; encrypted-media; gyroscope; picture-in-picture\" allowfullscreen><\/iframe><\/div>\n<\/div><\/figure>\n\n\n\n<p>A comienzos de la d\u00e9cada de 1970, particip\u00f3 de la tribu de Hair en la versi\u00f3n argentina de la comedia musical, sucedi\u00e9ndole Jesucristo Superstar, y otras obras de teatro.<\/p>\n\n\n\n<p>Form\u00f3 parte de las bandas Patada de Mosca, el D\u00fao Nagual (junto a Alejandro de Raco en Venezuela) y el tr\u00edo Expreso Zambomba, y de las que finalmente el mismo convocar\u00eda: Fontova y la Foca, Fontova Tr\u00edo, Fontova y sus Sobrinos, Fontova y los T\u00edos, Fontovarios, Fontova Tr\u00edo, y desde el a\u00f1o 2010 hasta la actualidad Fontova solista, en voz y guitarra.<\/p>\n\n\n\n<p>En los a\u00f1os 1990 incursion\u00f3 nuevamente en la actuaci\u00f3n destac\u00e1ndose su participaci\u00f3n en el programa humor\u00edstico Peor es nada, junto a Jorge Guinzburg, donde compuso el inolvidable personaje Sonia Braguetti, entre tantos otros, lo que le signific\u00f3 la obtenci\u00f3n de dos Premio Mart\u00edn Fierro por su labor, uno como \u00abRevelaci\u00f3n\u00bb y otro como \u00abMejor Actor C\u00f3mico\u00bb. En 1995 reemplaz\u00f3 a Daniel Rabinovich (integrante de Les Luthiers) en la gira por Espa\u00f1a de Grandes hitos. Ese a\u00f1o, adem\u00e1s obtuvo el Premio Konex \u2013 Diploma al M\u00e9rito en la disciplina grupo de bailanta\/cuarteto de la d\u00e9cada. En 1998 cre\u00f3 y protagoniz\u00f3 el programa de humor Delicatessen con el elenco integrado de Diego Capusotto, Fabio Alberti y otros humoristas argentinos, que se transmit\u00eda por Am\u00e9rica TV.<\/p>\n","protected":false},"excerpt":{"rendered":"<p>Talentoso, rebelde y con mucha popularidad en la d\u00e9cada del '80 y '90. Muri\u00f3 Horacio Fontova, \u00abel Negro\u00bb, m\u00fasico y actor reconocido en la d\u00e9cada de los 80 y 90. La noticia fue confirmada en las \u00faltimas horas por su esposa. Nacido en el seno de una familia de m\u00fasicos cl\u00e1sicos, comenz\u00f3 a forjar sus [&hellip;]<\/p>\n","protected":false},"author":1,"featured_media":234705,"comment_status":"open","ping_status":"open","sticky":false,"template":"","format":"standard","meta":{"_stopmodifiedupdate":false,"_modified_date":"","inline_featured_image":false,"spay_email":"","jetpack_publicize_message":"\ud83d\ude29\ud83e\udd7a\ud83d\ude22 Talentoso, rebelde y con mucha popularidad en la d\u00e9cada del '80 y '90."},"categories":[21],"tags":[],"jetpack_featured_media_url":"https:\/\/notinor.com\/jujuy\/wp-content\/uploads\/2020\/04\/FONTOVA.jpeg","jetpack_publicize_connections":[],"_links":{"self":[{"href":"https:\/\/notinor.com\/jujuy\/wp-json\/wp\/v2\/posts\/234704"}],"collection":[{"href":"https:\/\/notinor.com\/jujuy\/wp-json\/wp\/v2\/posts"}],"about":[{"href":"https:\/\/notinor.com\/jujuy\/wp-json\/wp\/v2\/types\/post"}],"author":[{"embeddable":true,"href":"https:\/\/notinor.com\/jujuy\/wp-json\/wp\/v2\/users\/1"}],"replies":[{"embeddable":true,"href":"https:\/\/notinor.com\/jujuy\/wp-json\/wp\/v2\/comments?post=234704"}],"version-history":[{"count":1,"href":"https:\/\/notinor.com\/jujuy\/wp-json\/wp\/v2\/posts\/234704\/revisions"}],"predecessor-version":[{"id":234706,"href":"https:\/\/notinor.com\/jujuy\/wp-json\/wp\/v2\/posts\/234704\/revisions\/234706"}],"wp:featuredmedia":[{"embeddable":true,"href":"https:\/\/notinor.com\/jujuy\/wp-json\/wp\/v2\/media\/234705"}],"wp:attachment":[{"href":"https:\/\/notinor.com\/jujuy\/wp-json\/wp\/v2\/media?parent=234704"}],"wp:term":[{"taxonomy":"category","embeddable":true,"href":"https:\/\/notinor.com\/jujuy\/wp-json\/wp\/v2\/categories?post=234704"},{"taxonomy":"post_tag","embeddable":true,"href":"https:\/\/notinor.com\/jujuy\/wp-json\/wp\/v2\/tags?post=234704"}],"curies":[{"name":"wp","href":"https:\/\/api.w.org\/{rel}","templated":true}]}}