{"id":234698,"date":"2020-04-20T11:29:50","date_gmt":"2020-04-20T14:29:50","guid":{"rendered":"https:\/\/notinor.com\/jujuy\/?p=234698"},"modified":"2020-04-20T11:29:56","modified_gmt":"2020-04-20T14:29:56","slug":"piden-que-extender-los-horarios-de-los-comercios-en-monterrico","status":"publish","type":"post","link":"https:\/\/notinor.com\/jujuy\/piden-que-extender-los-horarios-de-los-comercios-en-monterrico\/","title":{"rendered":"Piden que extender los horarios de los comercios en Monterrico"},"content":{"rendered":"\n<p>El proyecto fue presentado en el concejo deliberante de esa ciudad y ser\u00e1 analizado.<\/p>\n\n\n\n<p class=\"has-background has-vivid-cyan-blue-background-color\"> Concejales del Bloque Justicialista solicitan la extensi\u00f3n del horario de atenci\u00f3n comercial, hasta las 20 de Lunes a S\u00e1bados. <\/p>\n\n\n\n<figure class=\"wp-block-image size-large\"><img decoding=\"async\" loading=\"lazy\" width=\"526\" height=\"701\" src=\"https:\/\/i0.wp.com\/notinor.com\/jujuy\/wp-content\/uploads\/2020\/04\/MONTERRICO1.jpg?fit=360%2C480&amp;ssl=1\" alt=\"\" class=\"wp-image-234701\" srcset=\"https:\/\/notinor.com\/jujuy\/wp-content\/uploads\/2020\/04\/MONTERRICO1.jpg 526w, https:\/\/notinor.com\/jujuy\/wp-content\/uploads\/2020\/04\/MONTERRICO1-274x365.jpg 274w, https:\/\/notinor.com\/jujuy\/wp-content\/uploads\/2020\/04\/MONTERRICO1-360x480.jpg 360w\" sizes=\"(max-width: 526px) 100vw, 526px\" \/><\/figure>\n\n\n\n<p>El pedido obedece a disminuir la aglomeraci\u00f3n de personas en horarios de la ma\u00f1ana y considerando que el horario laboral para trabajadores rurales es hasta las 18 a 19 por lo cual quedan excluidos al querer realizar compras al salir de su trabajo. <\/p>\n","protected":false},"excerpt":{"rendered":"<p>El proyecto fue presentado en el concejo deliberante de esa ciudad y ser\u00e1 analizado. Concejales del Bloque Justicialista solicitan la extensi\u00f3n del horario de atenci\u00f3n comercial, hasta las 20 de Lunes a S\u00e1bados. El pedido obedece a disminuir la aglomeraci\u00f3n de personas en horarios de la ma\u00f1ana y considerando que el horario laboral para trabajadores [&hellip;]<\/p>\n","protected":false},"author":1,"featured_media":234702,"comment_status":"open","ping_status":"open","sticky":false,"template":"","format":"standard","meta":{"_stopmodifiedupdate":false,"_modified_date":"","inline_featured_image":false,"spay_email":"","jetpack_publicize_message":"El proyecto fue presentado en el concejo deliberante de esa ciudad y ser\u00e1 analizado."},"categories":[4],"tags":[],"jetpack_featured_media_url":"https:\/\/notinor.com\/jujuy\/wp-content\/uploads\/2020\/04\/MONTERRICO2.jpg","jetpack_publicize_connections":[],"_links":{"self":[{"href":"https:\/\/notinor.com\/jujuy\/wp-json\/wp\/v2\/posts\/234698"}],"collection":[{"href":"https:\/\/notinor.com\/jujuy\/wp-json\/wp\/v2\/posts"}],"about":[{"href":"https:\/\/notinor.com\/jujuy\/wp-json\/wp\/v2\/types\/post"}],"author":[{"embeddable":true,"href":"https:\/\/notinor.com\/jujuy\/wp-json\/wp\/v2\/users\/1"}],"replies":[{"embeddable":true,"href":"https:\/\/notinor.com\/jujuy\/wp-json\/wp\/v2\/comments?post=234698"}],"version-history":[{"count":1,"href":"https:\/\/notinor.com\/jujuy\/wp-json\/wp\/v2\/posts\/234698\/revisions"}],"predecessor-version":[{"id":234703,"href":"https:\/\/notinor.com\/jujuy\/wp-json\/wp\/v2\/posts\/234698\/revisions\/234703"}],"wp:featuredmedia":[{"embeddable":true,"href":"https:\/\/notinor.com\/jujuy\/wp-json\/wp\/v2\/media\/234702"}],"wp:attachment":[{"href":"https:\/\/notinor.com\/jujuy\/wp-json\/wp\/v2\/media?parent=234698"}],"wp:term":[{"taxonomy":"category","embeddable":true,"href":"https:\/\/notinor.com\/jujuy\/wp-json\/wp\/v2\/categories?post=234698"},{"taxonomy":"post_tag","embeddable":true,"href":"https:\/\/notinor.com\/jujuy\/wp-json\/wp\/v2\/tags?post=234698"}],"curies":[{"name":"wp","href":"https:\/\/api.w.org\/{rel}","templated":true}]}}