{"id":234694,"date":"2020-04-20T11:14:33","date_gmt":"2020-04-20T14:14:33","guid":{"rendered":"https:\/\/notinor.com\/jujuy\/?p=234694"},"modified":"2020-04-20T11:14:39","modified_gmt":"2020-04-20T14:14:39","slug":"sergio-massa-se-desmarca-de-cristina-kirchner-y-avanza-con-su-plan-para-realizar-sesiones-remotas","status":"publish","type":"post","link":"https:\/\/notinor.com\/jujuy\/sergio-massa-se-desmarca-de-cristina-kirchner-y-avanza-con-su-plan-para-realizar-sesiones-remotas\/","title":{"rendered":"Sergio Massa se desmarca de Cristina Kirchner y avanza con su plan para realizar sesiones remotas"},"content":{"rendered":"\n<p> Sergio Massa tiene listo un borrador de dictamen para reformar el reglamento de la C\u00e1mara de Diputados y habilitar las sesiones remotas por la pandemia del coronavirus.<\/p>\n\n\n\n<figure class=\"wp-block-image size-large\"><img decoding=\"async\" loading=\"lazy\" width=\"1033\" height=\"687\" src=\"https:\/\/i0.wp.com\/notinor.com\/jujuy\/wp-content\/uploads\/2020\/04\/3204443w1033.jpg?fit=722%2C480&amp;ssl=1\" alt=\"\" class=\"wp-image-234695\" srcset=\"https:\/\/notinor.com\/jujuy\/wp-content\/uploads\/2020\/04\/3204443w1033.jpg 1033w, https:\/\/notinor.com\/jujuy\/wp-content\/uploads\/2020\/04\/3204443w1033-549x365.jpg 549w, https:\/\/notinor.com\/jujuy\/wp-content\/uploads\/2020\/04\/3204443w1033-722x480.jpg 722w, https:\/\/notinor.com\/jujuy\/wp-content\/uploads\/2020\/04\/3204443w1033-768x511.jpg 768w, https:\/\/notinor.com\/jujuy\/wp-content\/uploads\/2020\/04\/3204443w1033-400x266.jpg 400w\" sizes=\"(max-width: 1033px) 100vw, 1033px\" \/><\/figure>\n\n\n\n<p class=\"has-background has-vivid-cyan-blue-background-color\">El presidente de la C\u00e1mara de Diputados,\u00a0<strong>Sergio Massa,\u00a0<\/strong>no esperar\u00e1 a que la Corte Suprema responda\u00a0al pedido de Cristina Kirchner\u00a0para que se pronuncie sobre la legalidad (o no) de que se realicen sesiones virtuales en el Congreso mientras duren las restricciones por el\u00a0<strong>coronavirus\u00a0<\/strong>. Massa insistir\u00e1 en instrumentar esta modalidad en la C\u00e1mara baja para la pr\u00f3xima sesi\u00f3n. Con el aporte de quien fuera su madrina pol\u00edtica, la diputada\u00a0<strong>Graciela Cama\u00f1o\u00a0<\/strong>(Consenso Federal), ya tiene listo un borrador de dictamen para reformar el reglamento del cuerpo, que pondr\u00e1 a consideraci\u00f3n del resto de los bloques en las pr\u00f3ximas horas.<\/p>\n\n\n\n<p>\"El pedido de acci\u00f3n declarativa de certeza que present\u00f3 Cristina a la Corte est\u00e1 totalmente fuera de lugar. La Corte no tiene atribuciones para pronunciarse sobre el reglamento de otro poder del Estado\", enfatiz\u00f3 la diputada Cama\u00f1o, en sinton\u00eda con la opini\u00f3n de la mayor\u00eda de los juristas y abogados constitucionalistas que se pronunciaron al respecto.<\/p>\n\n\n\n<p>En los pasillos parlamentarios predomina la certeza de que, a la postre, el alto tribunal desestimar\u00e1 la presentaci\u00f3n de Cristina Kirchner (el pedido est\u00e1 ahora en manos del procurador general,&nbsp;<strong>Eduardo Casal&nbsp;<\/strong>), por lo que toda la discusi\u00f3n volver\u00e1 a fojas cero. Massa, si bien no objet\u00f3 la jugada de la vicepresidenta de acudir a la Corte, sostiene que el propio Congreso puede resolver la cuesti\u00f3n con una modificaci\u00f3n del reglamento de ambas c\u00e1maras.<\/p>\n\n\n\n<p>Cama\u00f1o, en un dictamen jur\u00eddico minucioso que le acerc\u00f3 a Massa en las \u00faltimas horas, argument\u00f3 que el estado de emergencia por la pandemia constituye un elemento de \"fuerza mayor\" que habilitar\u00eda a la C\u00e1mara de Diputados a sesionar en forma virtual fuera de su \u00e1mbito f\u00edsico, el recinto. Cama\u00f1o cit\u00f3 el art\u00edculo 14 del reglamento de la C\u00e1mara de Diputados, que establece que los diputados \"no constituir\u00e1n C\u00e1mara fuera de la sala de sesiones, salvo los casos de fuerza mayor\". La diputada de Consenso Federal sostuvo que este art\u00edculo fue pensado para preservar la continuidad de la labor del Congreso ante una situaci\u00f3n de emergencia, y esta pandemia, a su juicio, lo es.<\/p>\n\n\n\n<p>Por esa raz\u00f3n la diputada sugiri\u00f3 que, para instrumentar las sesiones virtuales, deber\u00eda reunirse a la Comisi\u00f3n de Peticiones, Poderes y Reglamento para emitir el dictamen respectivo. En lugar de convocar a una sesi\u00f3n presencial en el recinto para aprobar el dictamen, Cama\u00f1o propone que sea la Comisi\u00f3n de Labor Parlamentaria, la m\u00e1s importante y representativa del cuerpo (all\u00ed est\u00e1n representados todos los presidentes de bloque), la que lo refrende.<\/p>\n\n\n\n<p>Massa convocar\u00e1 en las pr\u00f3ximas horas a los presidentes de los bloques para discutir el asunto. Obsesionado con la idea de retomar cuanto antes las sesiones en el cuerpo pese a las dificultades que impone la pandemia y la consiguiente cuarentena, insiste en que la modalidad virtual -v\u00eda videoconferencias- permitir\u00eda superar las dificultades log\u00edsticas y operativas que conllevar\u00eda una sesi\u00f3n presencial en medio de la emergencia. Exalta que, hasta ahora, las videoconferencias realizadas en la C\u00e1mara baja fueron un \u00e9xito: en los \u00faltimos 15 d\u00edas desfilaron por las distintas comisiones una decena de ministros del Poder Ejecutivo. De hecho, esta tarde es el turno del ministro de Desarrollo Productivo,&nbsp;<strong>Mat\u00edas Kulfas&nbsp;<\/strong>. Y no se descarta que esta misma semana se re\u00fana, tambi\u00e9n de manera virtual, la Comisi\u00f3n Bicameral de Tr\u00e1mite Legislativo para abordar la treintena de decretos de necesidad y urgencia (DNU) que dict\u00f3 el presidente Alberto Fern\u00e1ndez desde que se desat\u00f3 la pandemia.<\/p>\n\n\n\n<p>Sin embargo, en la oposici\u00f3n persisten las dudas: el principal bloque opositor, Juntos por el Cambio, si bien est\u00e1 de acuerdo con que el Congreso vuelva a sesionar, expres\u00f3 que prefiere que los debates sean presenciales. \"Podr\u00eda ser en el Centro Cultural Kirchner, en el Teatro Col\u00f3n, en cualquier \u00e1mbito lo suficientemente amplio para garantizar la distancia entre los diputados\", insist\u00edan los opositores las semana pasada.<\/p>\n\n\n\n<p>El presidente de la C\u00e1mara de Diputados conf\u00eda en poder disuadirlos. El borrador para modificar el reglamento ya est\u00e1 listo: en los \u00faltimos d\u00edas Cama\u00f1o le acerc\u00f3 su dictamen a Massa -en el que incluye los fundamentos de un reciente fallo de la Corte Suprema- y, juntamente con el secretario general de Presidencia,&nbsp;<strong>Juan Manuel Cheppi,&nbsp;<\/strong>y el secretario Parlamentario,&nbsp;<strong>Eduardo Cergnul&nbsp;<\/strong>, se elabor\u00f3 un predictamen. En paralelo, Massa avanz\u00f3 con dos acuerdos: uno con el Registro Nacional de las Personas (Renaper), para la validaci\u00f3n de la identidad de los legisladores y otro con Arsat, para la incorporaci\u00f3n de un software que se le solicit\u00f3 al Parlamento de Brasil.<\/p>\n","protected":false},"excerpt":{"rendered":"<p>Sergio Massa tiene listo un borrador de dictamen para reformar el reglamento de la C\u00e1mara de Diputados y habilitar las sesiones remotas por la pandemia del coronavirus. El presidente de la C\u00e1mara de Diputados,\u00a0Sergio Massa,\u00a0no esperar\u00e1 a que la Corte Suprema responda\u00a0al pedido de Cristina Kirchner\u00a0para que se pronuncie sobre la legalidad (o no) de [&hellip;]<\/p>\n","protected":false},"author":37,"featured_media":234695,"comment_status":"open","ping_status":"open","sticky":false,"template":"","format":"standard","meta":{"_stopmodifiedupdate":false,"_modified_date":"","inline_featured_image":false,"spay_email":"","jetpack_publicize_message":"Sergio Massa tiene listo un borrador de dictamen para reformar el reglamento de la C\u00e1mara de Diputados y habilitar las sesiones remotas por la pandemia del coronavirus"},"categories":[501],"tags":[],"jetpack_featured_media_url":"https:\/\/notinor.com\/jujuy\/wp-content\/uploads\/2020\/04\/3204443w1033.jpg","jetpack_publicize_connections":[],"_links":{"self":[{"href":"https:\/\/notinor.com\/jujuy\/wp-json\/wp\/v2\/posts\/234694"}],"collection":[{"href":"https:\/\/notinor.com\/jujuy\/wp-json\/wp\/v2\/posts"}],"about":[{"href":"https:\/\/notinor.com\/jujuy\/wp-json\/wp\/v2\/types\/post"}],"author":[{"embeddable":true,"href":"https:\/\/notinor.com\/jujuy\/wp-json\/wp\/v2\/users\/37"}],"replies":[{"embeddable":true,"href":"https:\/\/notinor.com\/jujuy\/wp-json\/wp\/v2\/comments?post=234694"}],"version-history":[{"count":1,"href":"https:\/\/notinor.com\/jujuy\/wp-json\/wp\/v2\/posts\/234694\/revisions"}],"predecessor-version":[{"id":234696,"href":"https:\/\/notinor.com\/jujuy\/wp-json\/wp\/v2\/posts\/234694\/revisions\/234696"}],"wp:featuredmedia":[{"embeddable":true,"href":"https:\/\/notinor.com\/jujuy\/wp-json\/wp\/v2\/media\/234695"}],"wp:attachment":[{"href":"https:\/\/notinor.com\/jujuy\/wp-json\/wp\/v2\/media?parent=234694"}],"wp:term":[{"taxonomy":"category","embeddable":true,"href":"https:\/\/notinor.com\/jujuy\/wp-json\/wp\/v2\/categories?post=234694"},{"taxonomy":"post_tag","embeddable":true,"href":"https:\/\/notinor.com\/jujuy\/wp-json\/wp\/v2\/tags?post=234694"}],"curies":[{"name":"wp","href":"https:\/\/api.w.org\/{rel}","templated":true}]}}