{"id":234683,"date":"2020-04-20T11:06:57","date_gmt":"2020-04-20T14:06:57","guid":{"rendered":"https:\/\/notinor.com\/jujuy\/?p=234683"},"modified":"2020-04-20T11:07:02","modified_gmt":"2020-04-20T14:07:02","slug":"el-publico-en-el-futbol-no-va-a-volver-hasta-fin-de-ano","status":"publish","type":"post","link":"https:\/\/notinor.com\/jujuy\/el-publico-en-el-futbol-no-va-a-volver-hasta-fin-de-ano\/","title":{"rendered":"\"El p\u00fablico en el f\u00fatbol no va a volver hasta fin de a\u00f1o\""},"content":{"rendered":"\n<p>El ministro de Turismo y Deportes considera que es \"un riesgo innecesario\" y que trabajan para que la actividad regrese \"con un protocolo estricto\", por la pandemia del coronavirus.<\/p>\n\n\n\n<figure class=\"wp-block-image size-large\"><img decoding=\"async\" loading=\"lazy\" width=\"760\" height=\"447\" src=\"https:\/\/notinor.com\/jujuy\/wp-content\/uploads\/2020\/04\/coronaviruscancha.jpg\" alt=\"\" class=\"wp-image-234686\" srcset=\"https:\/\/notinor.com\/jujuy\/wp-content\/uploads\/2020\/04\/coronaviruscancha.jpg 760w, https:\/\/notinor.com\/jujuy\/wp-content\/uploads\/2020\/04\/coronaviruscancha-621x365.jpg 621w\" sizes=\"(max-width: 760px) 100vw, 760px\" \/><\/figure>\n\n\n\n<p class=\"has-background has-vivid-cyan-blue-background-color\">Mat\u00edas Lammens, ministro de Turismo y Deportes, asegur\u00f3 que no habr\u00e1 p\u00fablico en las tribunas en partidos de f\u00fatbol por algunos meses en lo que resta del a\u00f1o, por la pandemia del coronavirus, a pesar de que se pueda reanudar la actividad. <\/p>\n\n\n\n<p>\"No s\u00e9 si hasta el a\u00f1o que viene<strong>. Dir\u00eda que, por lo menos, hasta entrado fin de a\u00f1o, seguro.<\/strong>\u00a0<strong>Es un riesgo innecesario. Vamos a trabajar para que pueda volver el f\u00fatbol con un protocolo estricto, que puedan volver los entrenamientos y partidos. Para hablar de p\u00fablico falta mucho\"<\/strong>, expres\u00f3 el ex presidente de\u00a0San Lorenzo.<\/p>\n\n\n\n<p>\"Es muy dif\u00edcil dar un pron\u00f3stico certero. Habl\u00e9 con Javier Tebas (de La Liga de Espa\u00f1a) y coincid\u00edamos. Ellos van a promover el regreso a los entrenamientos con un protocolo sanitario exigente.\u00a0<strong>Uno nunca sabe si, dando un paso adelante, no da dos pasos atr\u00e1s. El miedo es que abramos y tengamos que volver a cerrar. El f\u00fatbol, con p\u00fablico, va a tardar un tiempo.\u00a0<\/strong>La liga alemana anunci\u00f3 que, hasta el 30 de agosto, por lo menos, no va a haber p\u00fablico\", agreg\u00f3 en una entrevista con\u00a0<em>F\u00fatbol\u00a0Sin Manchas (Canal 26).<\/em><\/p>\n\n\n\n<p>Adem\u00e1s, analiz\u00f3 el impacto econ\u00f3mico que pueden afrontar los clubes ante la suspensi\u00f3n del f\u00fatbol y otras actividades:<strong>&nbsp;\"Va a ser muy dif\u00edcil de mantener, conociendo la econom\u00eda de los clubes.&nbsp;<\/strong>En estos pr\u00f3ximos d\u00edas van a saber cu\u00e1nto se acreditan de las cuotas sociales, pero la gran mayor\u00eda de los clubes de Primera viven de eso<strong>. Si la gente pierde el empleo, no tiene ingresos, los que tienen peque\u00f1os comercios... Si no tienen f\u00fatbol en mayo, junio, julio, agosto... Va a dejar de pagar la cuota, es muy probable. Sumado a esa crisis de ingresos, va a venir una crisis de sponsors. Cuando hablo de la reconfiguraci\u00f3n de la econom\u00eda mundial, el f\u00fatbol no est\u00e1 excento\".<\/strong><\/p>\n\n\n\n<p>Por otra parte, asegur\u00f3 que \"lo \u00fanico\" que&nbsp;<strong>\"invita a ser positivos es que su patrimonio es en d\u00f3lares y sus gastos quedaron en pesos en su gran mayor\u00eda\",<\/strong>&nbsp;aunque advirti\u00f3 que&nbsp;<strong>\"los grandes compradores de patrimonio argentino se tienen que recuperar\".<\/strong>&nbsp;Por eso, entienden que el gobierno tendr\u00e1 que acompa\u00f1ar: \"Desde el Estado vamos a tener que trabajar con los clubes\".<\/p>\n\n\n\n<p>En ese sentido, Lammens asegur\u00f3 que muchas instituciones ya se anotaron en el Programa de Recuperaci\u00f3n Productiva (REPRO): \"Pueden pedir.&nbsp;<strong>El martes vamos a tener el total de clubes que se han inscripto al programa. Son much\u00edsimos.&nbsp;<\/strong>Abrimos una l\u00ednea especial en el ministerio, de asistencia para que puedan cumplir con los requisitos.&nbsp;<strong>Explot\u00f3 de llamados, gran cantidad de clubes de todo el pa\u00eds, clubes de barrio que se quieren incribir.<\/strong>&nbsp;Va a haber una l\u00ednea de Repro, una eximici\u00f3n de las contribuciones patronales. Tambi\u00e9n va a haber cr\u00e9ditos a tasa del 24\".<\/p>\n\n\n\n<p>Por \u00faltimo, ante la chance de que los directivos determinen el regreso al torneo de 30 equipos en Primera Divisi\u00f3n en un futuro, se limit\u00f3 a opinar: \"Conozco bien esos pasillos. Es una decisi\u00f3n que tienen que tomar los dirigentes del f\u00fatbol. La tendencia a esto, en alg\u00fan momento, va a ser a normalizarse.<strong>&nbsp;El f\u00fatbol argentino tiene much\u00edsimos ingresos para generar. Los derechos internacionales del f\u00fatbol argentino han estado muy mal vendidos, muy por debajo de su valor.&nbsp;<\/strong>Hoy el f\u00fatbol argentino tiene una posibilidad extraordinaria de generar ingresos para la Primera Divisi\u00f3n y todas las dem\u00e1s categor\u00edas. Lo mismo sucede con el contrato de televisi\u00f3n, hay que renegociarlo.&nbsp;<strong>El campeonato tiene que ser atractivo para que haya m\u00e1s suscriptores. Tiene que tender a normalizarse. El f\u00fatbol argentino tiene mucho para mejorar en sus ingresos, que claramente con la Superliga no lo logr\u00f3\".<\/strong><\/p>\n","protected":false},"excerpt":{"rendered":"<p>El ministro de Turismo y Deportes considera que es \"un riesgo innecesario\" y que trabajan para que la actividad regrese \"con un protocolo estricto\", por la pandemia del coronavirus. Mat\u00edas Lammens, ministro de Turismo y Deportes, asegur\u00f3 que no habr\u00e1 p\u00fablico en las tribunas en partidos de f\u00fatbol por algunos meses en lo que resta [&hellip;]<\/p>\n","protected":false},"author":37,"featured_media":234685,"comment_status":"open","ping_status":"open","sticky":false,"template":"","format":"standard","meta":{"_stopmodifiedupdate":false,"_modified_date":"","inline_featured_image":false,"spay_email":"","jetpack_publicize_message":"El ministro de Turismo y Deportes considera que es \"un riesgo innecesario\" y que trabajan para que la actividad regrese \"con un protocolo estricto\", por la pandemia del coronavirus."},"categories":[7],"tags":[],"jetpack_featured_media_url":"https:\/\/notinor.com\/jujuy\/wp-content\/uploads\/2020\/04\/matias-lammens_862x485.jpg","jetpack_publicize_connections":[],"_links":{"self":[{"href":"https:\/\/notinor.com\/jujuy\/wp-json\/wp\/v2\/posts\/234683"}],"collection":[{"href":"https:\/\/notinor.com\/jujuy\/wp-json\/wp\/v2\/posts"}],"about":[{"href":"https:\/\/notinor.com\/jujuy\/wp-json\/wp\/v2\/types\/post"}],"author":[{"embeddable":true,"href":"https:\/\/notinor.com\/jujuy\/wp-json\/wp\/v2\/users\/37"}],"replies":[{"embeddable":true,"href":"https:\/\/notinor.com\/jujuy\/wp-json\/wp\/v2\/comments?post=234683"}],"version-history":[{"count":1,"href":"https:\/\/notinor.com\/jujuy\/wp-json\/wp\/v2\/posts\/234683\/revisions"}],"predecessor-version":[{"id":234688,"href":"https:\/\/notinor.com\/jujuy\/wp-json\/wp\/v2\/posts\/234683\/revisions\/234688"}],"wp:featuredmedia":[{"embeddable":true,"href":"https:\/\/notinor.com\/jujuy\/wp-json\/wp\/v2\/media\/234685"}],"wp:attachment":[{"href":"https:\/\/notinor.com\/jujuy\/wp-json\/wp\/v2\/media?parent=234683"}],"wp:term":[{"taxonomy":"category","embeddable":true,"href":"https:\/\/notinor.com\/jujuy\/wp-json\/wp\/v2\/categories?post=234683"},{"taxonomy":"post_tag","embeddable":true,"href":"https:\/\/notinor.com\/jujuy\/wp-json\/wp\/v2\/tags?post=234683"}],"curies":[{"name":"wp","href":"https:\/\/api.w.org\/{rel}","templated":true}]}}