{"id":234678,"date":"2020-04-20T10:59:35","date_gmt":"2020-04-20T13:59:35","guid":{"rendered":"https:\/\/notinor.com\/jujuy\/?p=234678"},"modified":"2020-04-20T10:59:40","modified_gmt":"2020-04-20T13:59:40","slug":"pesimismo-por-los-juegos-olimpicos","status":"publish","type":"post","link":"https:\/\/notinor.com\/jujuy\/pesimismo-por-los-juegos-olimpicos\/","title":{"rendered":"Pesimismo por los Juegos Ol\u00edmpicos"},"content":{"rendered":"\n<p>Un experto japon\u00e9s en infecciones no ve probable que puedan desarrollarse los Juegos el a\u00f1o pr\u00f3ximo en Tokio.<\/p>\n\n\n\n<figure class=\"wp-block-image size-large\"><img decoding=\"async\" loading=\"lazy\" width=\"800\" height=\"416\" src=\"https:\/\/notinor.com\/jujuy\/wp-content\/uploads\/2020\/04\/juegos-olimpicos-2-e1574301404985.jpg\" alt=\"\" class=\"wp-image-234679\" srcset=\"https:\/\/notinor.com\/jujuy\/wp-content\/uploads\/2020\/04\/juegos-olimpicos-2-e1574301404985.jpg 800w, https:\/\/notinor.com\/jujuy\/wp-content\/uploads\/2020\/04\/juegos-olimpicos-2-e1574301404985-660x343.jpg 660w, https:\/\/notinor.com\/jujuy\/wp-content\/uploads\/2020\/04\/juegos-olimpicos-2-e1574301404985-768x399.jpg 768w\" sizes=\"(max-width: 800px) 100vw, 800px\" \/><\/figure>\n\n\n\n<p class=\"has-background has-vivid-cyan-blue-background-color\"> Un experto japon\u00e9s en infecciones, cr\u00edtico con la gesti\u00f3n de la pandemia de\u00a0coronavirus\u00a0\u200bpor las autoridades niponas, afirm\u00f3 este lunes ser \"muy pesimista\" sobre la posibilidad de que los\u00a0Juegos Ol\u00edmpicos de Tokio, ya aplazados un a\u00f1o, puedan tener lugar en julio de 2021. \"Honestamente,\u00a0<strong>no pienso que sea probable que los Juegos Ol\u00edmpicos tengan lugar el a\u00f1o pr\u00f3ximo\", declar\u00f3 Kentaro Iwata, profesor en el departamento de enfermedades infecciosas de la universidad de Kobe<\/strong>, en el curso de una conferencia de prensa en l\u00ednea. <\/p>\n\n\n\n<p>El Comit\u00e9 Ol\u00edmpico Internacional (COI) tom\u00f3 a finales de marzo la decisi\u00f3n hist\u00f3rica de un\u00a0<strong>aplazamiento<\/strong>\u00a0de los Juegos (que deb\u00edan inicialmente empezar el 24 de julio de 2020) tras las preocupaciones y presiones crecientes por parte de deportistas y federaciones frente a la crisis sanitaria mundial.\u00a0<strong>Los Juegos Ol\u00edmpicos de Tokio deben ahora disputarse del 23 de julio al 8 de agosto de 2021 y los Paral\u00edmpicos del 24 de agosto al 5 de septiembre de 2021.<\/strong> <\/p>\n\n\n\n<p>Estos \u00faltimos d\u00edas, ante la progresi\u00f3n mundial de la enfermedad,\u00a0<strong>aparecieron dudas\u00a0<\/strong>sobre la posibilidad de organizar el mayor evento deportivo mundial, incluso un a\u00f1o m\u00e1s tarde. <\/p>\n\n\n\n<p><strong>\"Los Juegos Ol\u00edmpicos necesitan dos condiciones: controlar el COVID-19 en Jap\u00f3n y en el resto del mundo, ya que se invitar\u00e1 a deportistas y espectadores del mundo entero\"<\/strong>, se\u00f1al\u00f3 Iwata. \"Jap\u00f3n podr\u00eda estar en medida de controlar la enfermedad de aqu\u00ed al invierno pr\u00f3ximo, y lo espero, pero no pienso que se pueda hacer en todos los sitios del planeta y por eso\u00a0<strong>soy muy pesimista sobre una organizaci\u00f3n de los Juegos Ol\u00edmpicos durante 2021<\/strong>\", a\u00f1adi\u00f3. L<strong>a \u00fanica eventualidad ser\u00eda, seg\u00fan \u00e9l, una organizaci\u00f3n de los Juegos revisada a la baja, por ejemplo \"sin espectadores o con una participaci\u00f3n muy limitada\".<\/strong>\u00a0\"No hay plan B\", hab\u00eda declarado la semana pasada a la prensa Masa Takaya, un portavoz del Comit\u00e9 de Organizaci\u00f3n de los Juegos Tokio.<\/p>\n\n\n\n<p>El infect\u00f3logo Kentaro Iwata hab\u00eda ya dado que hablar en febrero calificando de \"totalmente ca\u00f3tica\" la gesti\u00f3n por parte del gobierno japon\u00e9s del caso del Diamond Princess, un crucero con m\u00e1s de 3.700 personas a bordo que hab\u00eda sido colocado en cuarentena frente al puerto de Yokohama (sudoeste de Tokio). M\u00e1s de 700 personas resultaron infectadas a bordo y trece murieron. <\/p>\n\n\n\n<p>Pero Iwata no es el \u00fanico experto m\u00e9dico en haber emitido dudas sobre la posibilidad de albergar los Juegos en 2021. El jueves pasado, Devi Sridhar, profesora de salud p\u00fablica en la Universidad de Edimburgo (Escocia), hab\u00eda juzgado \"irreal\" pensar que los Juegos puedan disputarse en el verano de 2021, a menos que una vacuna \"accesible\" a todos est\u00e9 disponible entonces, seg\u00fan declaraciones recogidas por la BBC. <br><\/p>\n","protected":false},"excerpt":{"rendered":"<p>Un experto japon\u00e9s en infecciones no ve probable que puedan desarrollarse los Juegos el a\u00f1o pr\u00f3ximo en Tokio. Un experto japon\u00e9s en infecciones, cr\u00edtico con la gesti\u00f3n de la pandemia de\u00a0coronavirus\u00a0\u200bpor las autoridades niponas, afirm\u00f3 este lunes ser \"muy pesimista\" sobre la posibilidad de que los\u00a0Juegos Ol\u00edmpicos de Tokio, ya aplazados un a\u00f1o, puedan tener [&hellip;]<\/p>\n","protected":false},"author":37,"featured_media":234679,"comment_status":"open","ping_status":"open","sticky":false,"template":"","format":"standard","meta":{"_stopmodifiedupdate":false,"_modified_date":"","inline_featured_image":false,"spay_email":"","jetpack_publicize_message":"Un experto japon\u00e9s en infecciones no ve probable que puedan desarrollarse los Juegos el a\u00f1o pr\u00f3ximo en Tokio."},"categories":[7],"tags":[],"jetpack_featured_media_url":"https:\/\/notinor.com\/jujuy\/wp-content\/uploads\/2020\/04\/juegos-olimpicos-2-e1574301404985.jpg","jetpack_publicize_connections":[],"_links":{"self":[{"href":"https:\/\/notinor.com\/jujuy\/wp-json\/wp\/v2\/posts\/234678"}],"collection":[{"href":"https:\/\/notinor.com\/jujuy\/wp-json\/wp\/v2\/posts"}],"about":[{"href":"https:\/\/notinor.com\/jujuy\/wp-json\/wp\/v2\/types\/post"}],"author":[{"embeddable":true,"href":"https:\/\/notinor.com\/jujuy\/wp-json\/wp\/v2\/users\/37"}],"replies":[{"embeddable":true,"href":"https:\/\/notinor.com\/jujuy\/wp-json\/wp\/v2\/comments?post=234678"}],"version-history":[{"count":1,"href":"https:\/\/notinor.com\/jujuy\/wp-json\/wp\/v2\/posts\/234678\/revisions"}],"predecessor-version":[{"id":234682,"href":"https:\/\/notinor.com\/jujuy\/wp-json\/wp\/v2\/posts\/234678\/revisions\/234682"}],"wp:featuredmedia":[{"embeddable":true,"href":"https:\/\/notinor.com\/jujuy\/wp-json\/wp\/v2\/media\/234679"}],"wp:attachment":[{"href":"https:\/\/notinor.com\/jujuy\/wp-json\/wp\/v2\/media?parent=234678"}],"wp:term":[{"taxonomy":"category","embeddable":true,"href":"https:\/\/notinor.com\/jujuy\/wp-json\/wp\/v2\/categories?post=234678"},{"taxonomy":"post_tag","embeddable":true,"href":"https:\/\/notinor.com\/jujuy\/wp-json\/wp\/v2\/tags?post=234678"}],"curies":[{"name":"wp","href":"https:\/\/api.w.org\/{rel}","templated":true}]}}