{"id":234674,"date":"2020-04-20T10:55:02","date_gmt":"2020-04-20T13:55:02","guid":{"rendered":"https:\/\/notinor.com\/jujuy\/?p=234674"},"modified":"2020-04-20T10:55:05","modified_gmt":"2020-04-20T13:55:05","slug":"cambio-de-9-argentino-en-la-juventus","status":"publish","type":"post","link":"https:\/\/notinor.com\/jujuy\/cambio-de-9-argentino-en-la-juventus\/","title":{"rendered":"\u00bfCambio de 9 argentino en la Juventus?"},"content":{"rendered":"\n<p>En Italia especulan con la salida de Gonzalo Higua\u00edn y la llegada de Mauro Icardi.<\/p>\n\n\n\n<figure class=\"wp-block-image size-large\"><img decoding=\"async\" loading=\"lazy\" width=\"1440\" height=\"810\" src=\"https:\/\/i0.wp.com\/notinor.com\/jujuy\/wp-content\/uploads\/2020\/04\/higuain-icardi_1440x810.jpg?fit=840%2C473&amp;ssl=1\" alt=\"\" class=\"wp-image-234676\" srcset=\"https:\/\/notinor.com\/jujuy\/wp-content\/uploads\/2020\/04\/higuain-icardi_1440x810.jpg 1440w, https:\/\/notinor.com\/jujuy\/wp-content\/uploads\/2020\/04\/higuain-icardi_1440x810-649x365.jpg 649w, https:\/\/notinor.com\/jujuy\/wp-content\/uploads\/2020\/04\/higuain-icardi_1440x810-840x473.jpg 840w, https:\/\/notinor.com\/jujuy\/wp-content\/uploads\/2020\/04\/higuain-icardi_1440x810-500x280.jpg 500w, https:\/\/notinor.com\/jujuy\/wp-content\/uploads\/2020\/04\/higuain-icardi_1440x810-768x432.jpg 768w\" sizes=\"(max-width: 1440px) 100vw, 1440px\" \/><\/figure>\n\n\n\n<p class=\"has-background has-vivid-cyan-blue-background-color\"><strong>\u00a1Tango! Se retira Higua\u00edn, sale Icardi\"<\/strong>, es el t\u00edtulo que eligi\u00f3 el diario italiano La Gazzetta dello Sport en su portada de este lunes para referirse al posible cambio de delantero que se podr\u00eda producir en este mercado de pases en Juventus.<\/p>\n\n\n\n<p>Seg\u00fan el medio italiano, el futuro del Pipa est\u00e1 cada vez m\u00e1s lejos de Tur\u00edn, donde todav\u00eda le queda un a\u00f1o de contrato. Actualmente en Argentina para estar junto a su familia, Gonzalo deber\u00e1 definir c\u00f3mo seguir su carrera, pero en Italia ya aseguran que dif\u00edcilmente sea con la camiseta blanca y negra.<\/p>\n\n\n\n<p>Ante este escenario, Juventus, que ya hizo sondeos en a\u00f1os anteriores por el pase de Icardi, buscar\u00e1 aprovechar que culmina su pr\u00e9stamo en Paris Saint Germain y que dif\u00edcilmente Inter quiera tenerlo de vuelta. Claro que el conjunto franc\u00e9s tiene la prioridad de compra, tasada en 70 millones de euros, pero desde la Juve buscar\u00e1n convencerlos de no llevar adelante la operaci\u00f3n, con Miralem Pjanic y Alex Sandro como posibles monedas de cambio.<\/p>\n\n\n\n<p>As\u00ed, en un mercado de pases que manejar\u00e1 valores menores a los habituales debido a la pandemia de coronavirus que fren\u00f3 la econom\u00eda mundial, la Vecchia Signora buscar\u00e1 el mecanismo ideal para asegurarse los goles del rosarino.&nbsp;<\/p>\n","protected":false},"excerpt":{"rendered":"<p>En Italia especulan con la salida de Gonzalo Higua\u00edn y la llegada de Mauro Icardi. \u00a1Tango! Se retira Higua\u00edn, sale Icardi\", es el t\u00edtulo que eligi\u00f3 el diario italiano La Gazzetta dello Sport en su portada de este lunes para referirse al posible cambio de delantero que se podr\u00eda producir en este mercado de pases [&hellip;]<\/p>\n","protected":false},"author":37,"featured_media":234676,"comment_status":"open","ping_status":"open","sticky":false,"template":"","format":"standard","meta":{"_stopmodifiedupdate":false,"_modified_date":"","inline_featured_image":false,"spay_email":"","jetpack_publicize_message":"En Italia especulan con la salida de Gonzalo Higua\u00edn y la llegada de Mauro Icardi."},"categories":[7],"tags":[],"jetpack_featured_media_url":"https:\/\/notinor.com\/jujuy\/wp-content\/uploads\/2020\/04\/higuain-icardi_1440x810.jpg","jetpack_publicize_connections":[],"_links":{"self":[{"href":"https:\/\/notinor.com\/jujuy\/wp-json\/wp\/v2\/posts\/234674"}],"collection":[{"href":"https:\/\/notinor.com\/jujuy\/wp-json\/wp\/v2\/posts"}],"about":[{"href":"https:\/\/notinor.com\/jujuy\/wp-json\/wp\/v2\/types\/post"}],"author":[{"embeddable":true,"href":"https:\/\/notinor.com\/jujuy\/wp-json\/wp\/v2\/users\/37"}],"replies":[{"embeddable":true,"href":"https:\/\/notinor.com\/jujuy\/wp-json\/wp\/v2\/comments?post=234674"}],"version-history":[{"count":1,"href":"https:\/\/notinor.com\/jujuy\/wp-json\/wp\/v2\/posts\/234674\/revisions"}],"predecessor-version":[{"id":234677,"href":"https:\/\/notinor.com\/jujuy\/wp-json\/wp\/v2\/posts\/234674\/revisions\/234677"}],"wp:featuredmedia":[{"embeddable":true,"href":"https:\/\/notinor.com\/jujuy\/wp-json\/wp\/v2\/media\/234676"}],"wp:attachment":[{"href":"https:\/\/notinor.com\/jujuy\/wp-json\/wp\/v2\/media?parent=234674"}],"wp:term":[{"taxonomy":"category","embeddable":true,"href":"https:\/\/notinor.com\/jujuy\/wp-json\/wp\/v2\/categories?post=234674"},{"taxonomy":"post_tag","embeddable":true,"href":"https:\/\/notinor.com\/jujuy\/wp-json\/wp\/v2\/tags?post=234674"}],"curies":[{"name":"wp","href":"https:\/\/api.w.org\/{rel}","templated":true}]}}