{"id":234659,"date":"2020-04-20T10:39:01","date_gmt":"2020-04-20T13:39:01","guid":{"rendered":"https:\/\/notinor.com\/jujuy\/?p=234659"},"modified":"2020-08-24T12:24:25","modified_gmt":"2020-08-24T15:24:25","slug":"malena-narvay-contra-julian-serrano-no-fue-una-relacion-sana","status":"publish","type":"post","link":"https:\/\/notinor.com\/jujuy\/malena-narvay-contra-julian-serrano-no-fue-una-relacion-sana\/","title":{"rendered":"Malena Narvay contra Juli\u00e1n Serrano \"no fue una relaci\u00f3n sana\""},"content":{"rendered":"\n<p>La actriz habl\u00f3 sobre el final de su noviazgo con el YouTuber y confes\u00f3 que sufri\u00f3 mucho. <\/p>\n\n\n\n<figure class=\"wp-block-image size-large\"><img decoding=\"async\" loading=\"lazy\" width=\"1366\" height=\"765\" src=\"https:\/\/i2.wp.com\/notinor.com\/jujuy\/wp-content\/uploads\/2020\/04\/serrano-narvay.jpg?fit=840%2C470&amp;ssl=1\" alt=\"\" class=\"wp-image-234661\" srcset=\"https:\/\/notinor.com\/jujuy\/wp-content\/uploads\/2020\/04\/serrano-narvay.jpg 1366w, https:\/\/notinor.com\/jujuy\/wp-content\/uploads\/2020\/04\/serrano-narvay-652x365.jpg 652w, https:\/\/notinor.com\/jujuy\/wp-content\/uploads\/2020\/04\/serrano-narvay-840x470.jpg 840w, https:\/\/notinor.com\/jujuy\/wp-content\/uploads\/2020\/04\/serrano-narvay-500x280.jpg 500w, https:\/\/notinor.com\/jujuy\/wp-content\/uploads\/2020\/04\/serrano-narvay-768x430.jpg 768w\" sizes=\"(max-width: 1366px) 100vw, 1366px\" \/><\/figure>\n\n\n\n<p class=\"has-background has-vivid-cyan-blue-background-color\">Si bien hab\u00edan muchas dudas y rumores porque no se mostraban m\u00e1s juntos, ellos no lo confirmaban. Sin embargo, en las \u00faltimas horas<strong>&nbsp;Juli\u00e1n Serrano<\/strong>&nbsp;decidi\u00f3 romper el silencio y dio a conocer en una entrevista que<strong>&nbsp;est\u00e1 en un impasse con Malena Narvay.&nbsp;<\/strong><\/p>\n\n\n\n<p><em>\"Ahora no estamos juntos.\u00a0Se podr\u00eda decir que es un impasse.\u00a0<strong>Estamos distanciados, pero no estamos peleados. Justo se dio lo de la cuarentena y entonces fue todo m\u00e1s raro. Pero ahora no estamos en una relaci\u00f3n, por eso no subimos fotos juntos<\/strong>. Seguimos en contacto, tenemos la mejor de todos modos. Igual nuestros seguidores ya se hab\u00edan dado cuenta. No salimos a aclararlo porque no hac\u00eda falta\"<\/em>, expres\u00f3 el ex campe\u00f3n el Bailando.\u00a0<\/p>\n\n\n\n<p>Si bien aclar\u00f3 que no hay un fin de la relaci\u00f3n y que ellos a\u00fan mantienen buena onda,<strong>&nbsp;la actriz sali\u00f3 al cruce de sus versiones<\/strong>&nbsp;y cont\u00f3 su verdad:&nbsp;<em>\"No habl\u00e9 de esto antes porque fue una \u00e9poca de muchas cosas juntas,&nbsp;<strong>la decisi\u00f3n de separarnos no fue m\u00eda y estuve muy triste, \u00e9l me dijo que necesitaba un tiempo para experimentar otras cosas\u201d.<\/strong><\/em><\/p>\n\n\n\n<p><em>\u201cNo estoy preparada para tener contacto. No me ayuda.&nbsp;<strong>No voy a meterme en profundidad pero m\u00e1s all\u00e1 del final, fue una relaci\u00f3n que tuvo momentos de mucha felicidad y amor, sobre todo al principio, pero la verdad que por otros momentos no fue sana y a m\u00ed me cost\u00f3 mucho verlo en ese entonces,<\/strong>&nbsp;pero cuando duele el pecho tan seguido y hay m\u00e1s l\u00e1grimas y \u2018perdones\u2019 que risas y crecimiento juntos, es porque algo no est\u00e1 bien\u201d<\/em>, expres\u00f3 Malena Narvay en su entrevista con Teleshow.<\/p>\n\n\n\n<p>Adem\u00e1s, explic\u00f3 que si bien la relaci\u00f3n tuvo buenos momentos, ya no era sana.&nbsp;<strong><em>\u201cYo perdon\u00e9 mucho durante esa relaci\u00f3n. Y no es que me arrepienta, pero no est\u00e1 bueno acostumbrarse a aguantar lastimaduras por amar a alguien por m\u00e1s de que lo ames con toda tu alma. No est\u00e1 bueno perder tu amor por vos. Obviamente puede haber obst\u00e1culos y problemas en una pareja, pero el amor no tiene que ser en mayor parte aguantar o sufrir. El amor deber\u00eda ser en su mayor\u00eda para fluir y darnos alegr\u00eda y crecer, o por lo menos yo creo en eso\u201d<\/em><\/strong>, continu\u00f3.<\/p>\n\n\n\n<p>Malena Narvay actualmente se encuentra realizando cuarentena con su familia, en qui\u00e9n se refugia luego de la separaci\u00f3n de Juli\u00e1n Serrano, con quien mantuvo un noviazgo de dos a\u00f1os.&nbsp;<em>\u201cEstoy mejor, mis amigos me est\u00e1n ayudando mucho y convivir con mi familia me hace bien. Siento que de a poco vuelvo a ser yo porque estuve muy perdida y ahora me estoy reencontrando\u201d<\/em>, reflexion\u00f3.&nbsp;<\/p>\n","protected":false},"excerpt":{"rendered":"<p>La actriz habl\u00f3 sobre el final de su noviazgo con el YouTuber y confes\u00f3 que sufri\u00f3 mucho. Si bien hab\u00edan muchas dudas y rumores porque no se mostraban m\u00e1s juntos, ellos no lo confirmaban. Sin embargo, en las \u00faltimas horas&nbsp;Juli\u00e1n Serrano&nbsp;decidi\u00f3 romper el silencio y dio a conocer en una entrevista que&nbsp;est\u00e1 en un impasse [&hellip;]<\/p>\n","protected":false},"author":37,"featured_media":234661,"comment_status":"open","ping_status":"open","sticky":false,"template":"","format":"standard","meta":{"_stopmodifiedupdate":false,"_modified_date":"","inline_featured_image":false,"spay_email":"","jetpack_publicize_message":"La actriz habl\u00f3 sobre el final de su noviazgo con el YouTuber y confes\u00f3 que sufri\u00f3 mucho. "},"categories":[21],"tags":[],"jetpack_featured_media_url":"https:\/\/notinor.com\/jujuy\/wp-content\/uploads\/2020\/04\/serrano-narvay.jpg","jetpack_publicize_connections":[],"_links":{"self":[{"href":"https:\/\/notinor.com\/jujuy\/wp-json\/wp\/v2\/posts\/234659"}],"collection":[{"href":"https:\/\/notinor.com\/jujuy\/wp-json\/wp\/v2\/posts"}],"about":[{"href":"https:\/\/notinor.com\/jujuy\/wp-json\/wp\/v2\/types\/post"}],"author":[{"embeddable":true,"href":"https:\/\/notinor.com\/jujuy\/wp-json\/wp\/v2\/users\/37"}],"replies":[{"embeddable":true,"href":"https:\/\/notinor.com\/jujuy\/wp-json\/wp\/v2\/comments?post=234659"}],"version-history":[{"count":1,"href":"https:\/\/notinor.com\/jujuy\/wp-json\/wp\/v2\/posts\/234659\/revisions"}],"predecessor-version":[{"id":234662,"href":"https:\/\/notinor.com\/jujuy\/wp-json\/wp\/v2\/posts\/234659\/revisions\/234662"}],"wp:featuredmedia":[{"embeddable":true,"href":"https:\/\/notinor.com\/jujuy\/wp-json\/wp\/v2\/media\/234661"}],"wp:attachment":[{"href":"https:\/\/notinor.com\/jujuy\/wp-json\/wp\/v2\/media?parent=234659"}],"wp:term":[{"taxonomy":"category","embeddable":true,"href":"https:\/\/notinor.com\/jujuy\/wp-json\/wp\/v2\/categories?post=234659"},{"taxonomy":"post_tag","embeddable":true,"href":"https:\/\/notinor.com\/jujuy\/wp-json\/wp\/v2\/tags?post=234659"}],"curies":[{"name":"wp","href":"https:\/\/api.w.org\/{rel}","templated":true}]}}