{"id":234654,"date":"2020-04-20T10:25:47","date_gmt":"2020-04-20T13:25:47","guid":{"rendered":"https:\/\/notinor.com\/jujuy\/?p=234654"},"modified":"2020-04-20T10:25:49","modified_gmt":"2020-04-20T13:25:49","slug":"se-puede-llevar-a-los-hijos-a-hacer-las-compras","status":"publish","type":"post","link":"https:\/\/notinor.com\/jujuy\/se-puede-llevar-a-los-hijos-a-hacer-las-compras\/","title":{"rendered":"\u00bfSe puede llevar a los hijos a hacer las compras?"},"content":{"rendered":"\n<p>La titular del Inadi Victoria Donda aclar\u00f3 que est\u00e1 permitido cuando no los pueden dejar con alguien. <\/p>\n\n\n\n<figure class=\"wp-block-image size-large\"><img decoding=\"async\" loading=\"lazy\" width=\"1366\" height=\"765\" src=\"https:\/\/i1.wp.com\/notinor.com\/jujuy\/wp-content\/uploads\/2020\/04\/madre-compras-efe-short.png?fit=840%2C470&amp;ssl=1\" alt=\"\" class=\"wp-image-234656\" srcset=\"https:\/\/notinor.com\/jujuy\/wp-content\/uploads\/2020\/04\/madre-compras-efe-short.png 1366w, https:\/\/notinor.com\/jujuy\/wp-content\/uploads\/2020\/04\/madre-compras-efe-short-652x365.png 652w, https:\/\/notinor.com\/jujuy\/wp-content\/uploads\/2020\/04\/madre-compras-efe-short-840x470.png 840w, https:\/\/notinor.com\/jujuy\/wp-content\/uploads\/2020\/04\/madre-compras-efe-short-500x280.png 500w, https:\/\/notinor.com\/jujuy\/wp-content\/uploads\/2020\/04\/madre-compras-efe-short-768x430.png 768w\" sizes=\"(max-width: 1366px) 100vw, 1366px\" \/><\/figure>\n\n\n\n<p class=\"has-background has-vivid-cyan-blue-background-color\">La titular del Instituto Nacional contra la Discriminaci\u00f3n, la Xenofobia y el Racismo (Inadi),&nbsp;<strong>Victoria Donda<\/strong>, habl\u00f3 sobre el&nbsp;<strong>aumento de los casos de discriminaci\u00f3n&nbsp;<\/strong>en el marco de la pandemia de&nbsp;<strong>coronavirus<\/strong>&nbsp;y cont\u00f3 que hubo una gran cantidad de llamados de&nbsp;<strong>madres<\/strong>&nbsp;<strong>solas&nbsp;<\/strong>a las que&nbsp;<strong>no las dejaron ingresar a los comercios con sus hijos<\/strong>. Frente a esto aclar\u00f3 que si tienen que salir a comprar y no tienen con qui\u00e9n dejarlos,&nbsp;<strong>pueden llevarlos con ellas<\/strong>.<\/p>\n\n\n\n<p>La funcionaria explic\u00f3 que\u00a0<strong>existe una aclaraci\u00f3n de la reglamentaci\u00f3n<\/strong>\u00a0que respalda a todos los progenitores que tienen que salir a la calle a hacer una compra y est\u00e1n solos con un menor. \"Lo mejor es que el chico se quede en su casa, pero est\u00e1 bueno aclarar que\u00a0<strong>si hay una situaci\u00f3n as\u00ed\u00a0<\/strong>la madre o el padre que est\u00e1 solo\u00a0<strong>puede salir a comprar acompa\u00f1ado por el ni\u00f1o<\/strong>\", detall\u00f3.<\/p>\n\n\n\n<p>Un material audiovisual publicado en las redes sociales del Inadi el pasado 12 de abril, explica: \"<strong>Si est\u00e1s solx con ni\u00f1xs y necesit\u00e1s ir a hacer compras&nbsp;<\/strong>para abastecer tu hogar,&nbsp;<strong>pod\u00e9s hacerlo<\/strong>\". Y aclara: \"Record\u00e1 antes de salir que:&nbsp;<strong>es importante que entiendan las medidas de cuidado<\/strong>&nbsp;y se queden cerca tuyo y no toquen nada\".<\/p>\n\n\n\n<p>En este posteo, el organismo tambi\u00e9n recomienda\u00a0<strong>llevar la documentaci\u00f3n que acredite el v\u00ednculo\u00a0<\/strong>con este menor. \"No necesit\u00e1s nada m\u00e1s para justificar tu necesidad de salir\", remarca.<\/p>\n\n\n\n<p> Finalmente, el Inadi solicita: \"<strong>Trat\u00e1 de reducir estas salidas al m\u00ednimo\u00a0<\/strong>y que lxs ni\u00f1xs se queden en casa. Segu\u00ed las medidas de cuidado y sanidad recomendadas para reducir la exposici\u00f3n\". <\/p>\n\n\n\n<p>Hace d\u00edas, trascendi\u00f3 que a\u00a0<strong>Nicol\u00e1s Cabr\u00e9<\/strong>\u00a0lo echaron de un supermercado\u00a0porque hab\u00eda ido acompa\u00f1ado de su hija Rufina. El actor se encontraba cumpliendo la cuarentena junto a la ni\u00f1a de 6 a\u00f1os y no ten\u00eda con qui\u00e9n dejarla.<\/p>\n\n\n\n<p>Frente a este caso, Donda asegura que&nbsp;<strong>todas las denuncias<\/strong>&nbsp;que recibieron en el organismo<strong>&nbsp;son de mujeres<\/strong>. Pero que el hecho es el mismo: llegan al comercio y les niegan el ingreso por estar con ni\u00f1os.<\/p>\n\n\n\n<p>Para la autoridad del Inadi es importante aclarar que\u00a0<strong>\"lo mejor es que el chico se quede en casa\"<\/strong>\u00a0y que \"hay que usar el criterio de cuidado de los padres\". Esta medida\u00a0<strong>es para casos de excepci\u00f3n<\/strong>\u00a0cuando los progenitores tienen una necesidad urgente y no tienen con qui\u00e9n dejar a sus hijos.<\/p>\n\n\n\n<p>\"<strong>Tratemos de que las calles no se llenen de ni\u00f1os<\/strong>\", solicit\u00f3 Donda, aclarando que hay que entender que estamos en una situaci\u00f3n de cuarentena y que al mantenerlos en nuestras casas los estamos protegiendo. \"<strong>Si no nos queda otra<\/strong>&nbsp;y tenemos que salir a comprar,&nbsp;<strong>saqu\u00e9moslos con todos los cuidados necesarios<\/strong>: tapabocas, que no se alejen de vos, que no toquen nada\", remarc\u00f3.<\/p>\n\n\n\n<p>Frente a estas denuncias, la funcionaria reconoci\u00f3 que a partir de la pandemia \"<strong>hay mucha discriminaci\u00f3n hacia los ni\u00f1os y las ni\u00f1as<\/strong>\", que los miran \"como si fueran la peste\" y le record\u00f3 a la sociedad que \"son el futuro de este pa\u00eds y hay que cuidarlo\".<\/p>\n\n\n\n<p>Victoria Donda reconoci\u00f3 que ante la llegada del coronavirus al pa\u00eds&nbsp;<strong>aumentaron las denuncias por discriminaci\u00f3n<\/strong>, no solo a pacientes con la enfermedad, sino a enfermeros, enfermeras, m\u00e9dicos, m\u00e9dicas y madres que van con sus hijos e hijas a comprar.<\/p>\n\n\n\n<p>\"Si recorr\u00e9s un poquito la historia cercana de la sociedad tampoco es tan raro que en \u00e9poca de emergencia el miedo haga que una parte chica de la sociedad salga lo peor y no lo mejor\", aclar\u00f3 la autoridad del Inadi en di\u00e1logo con&nbsp;<em>Radio Rivadavia<\/em>. En este contexto, record\u00f3 c\u00f3mo aislaban a los enfermos de lepra o c\u00f3mo echaron de sus trabajos a las personas con VIH.<\/p>\n\n\n\n<p>\"Yo creo que hoy la sociedad tiene la capacidad de elegir si va a ser una sociedad violenta o va a ser una sociedad solidaria.\u00a0<strong>La \u00fanica posibilidad que tenemos de vencer este virus es con la solidaridad<\/strong>\", sentenci\u00f3.<\/p>\n\n\n\n<p>Donda afirma que \"<strong>el miedo crece con el desconocimiento<\/strong>\", por eso es importante que la gente se informe. \"<strong>La \u00fanica herramienta que tenemos es la solidaridad<\/strong>&nbsp;y otra muy importante es<strong>&nbsp;la informaci\u00f3n<\/strong>, que tiene que ser de buena calidad. Hay muchas&nbsp;<em>fake news<\/em>&nbsp;dando vuelta, gente que dice cualquier cosa\", alert\u00f3.<\/p>\n\n\n\n<p>En el marco del aislamiento social, preventivo y obligatorio,&nbsp;<strong>el Inadi recibi\u00f3 denuncias de todo tipo<\/strong>, tanto de&nbsp;<strong>discriminaci\u00f3n&nbsp;<\/strong>como relacionadas con el<strong>&nbsp;racismo<\/strong>. Por ejemplo, de ciudadanos chinos a los que buscan impedirles que contin\u00faen viviendo en sus casas.<\/p>\n\n\n\n<p>Sin embargo, la titular del organismo reconoci\u00f3 que todav\u00eda&nbsp;<strong>no tienen la posibilidad de sancionar o multar<\/strong>, pero s\u00ed de \"sugerir que hagan talleres para poder tener una vida m\u00e1s democr\u00e1tica en sociedad\".<\/p>\n\n\n\n<p>Para responder m\u00e1s r\u00e1pido en el marco de la cuarentena,\u00a0<strong>habilitaron dos l\u00edneas de WhatsApp<\/strong>\u00a0para que puedan hacerse denuncias en el momento en el que ocurren los hechos.<\/p>\n\n\n\n<p>M\u00e1s all\u00e1 de estos actos, Donda asegur\u00f3 que \"s\u00ed como sale lo peor del ser humano, tambi\u00e9n sale lo mejor\" y que hay muchos voluntarios que est\u00e1n ayudando a sus vecinos y personas que comenzaron a colgar carteles reconociendo al personal de la salud en los edificios. <\/p>\n","protected":false},"excerpt":{"rendered":"<p>La titular del Inadi Victoria Donda aclar\u00f3 que est\u00e1 permitido cuando no los pueden dejar con alguien. La titular del Instituto Nacional contra la Discriminaci\u00f3n, la Xenofobia y el Racismo (Inadi),&nbsp;Victoria Donda, habl\u00f3 sobre el&nbsp;aumento de los casos de discriminaci\u00f3n&nbsp;en el marco de la pandemia de&nbsp;coronavirus&nbsp;y cont\u00f3 que hubo una gran cantidad de llamados de&nbsp;madres&nbsp;solas&nbsp;a [&hellip;]<\/p>\n","protected":false},"author":37,"featured_media":234656,"comment_status":"open","ping_status":"open","sticky":false,"template":"","format":"standard","meta":{"_stopmodifiedupdate":false,"_modified_date":"","inline_featured_image":false,"spay_email":"","jetpack_publicize_message":"La titular del Inadi Victoria Donda aclar\u00f3 que est\u00e1 permitido cuando no los pueden dejar con alguien."},"categories":[13],"tags":[],"jetpack_featured_media_url":"https:\/\/notinor.com\/jujuy\/wp-content\/uploads\/2020\/04\/madre-compras-efe-short.png","jetpack_publicize_connections":[],"_links":{"self":[{"href":"https:\/\/notinor.com\/jujuy\/wp-json\/wp\/v2\/posts\/234654"}],"collection":[{"href":"https:\/\/notinor.com\/jujuy\/wp-json\/wp\/v2\/posts"}],"about":[{"href":"https:\/\/notinor.com\/jujuy\/wp-json\/wp\/v2\/types\/post"}],"author":[{"embeddable":true,"href":"https:\/\/notinor.com\/jujuy\/wp-json\/wp\/v2\/users\/37"}],"replies":[{"embeddable":true,"href":"https:\/\/notinor.com\/jujuy\/wp-json\/wp\/v2\/comments?post=234654"}],"version-history":[{"count":1,"href":"https:\/\/notinor.com\/jujuy\/wp-json\/wp\/v2\/posts\/234654\/revisions"}],"predecessor-version":[{"id":234658,"href":"https:\/\/notinor.com\/jujuy\/wp-json\/wp\/v2\/posts\/234654\/revisions\/234658"}],"wp:featuredmedia":[{"embeddable":true,"href":"https:\/\/notinor.com\/jujuy\/wp-json\/wp\/v2\/media\/234656"}],"wp:attachment":[{"href":"https:\/\/notinor.com\/jujuy\/wp-json\/wp\/v2\/media?parent=234654"}],"wp:term":[{"taxonomy":"category","embeddable":true,"href":"https:\/\/notinor.com\/jujuy\/wp-json\/wp\/v2\/categories?post=234654"},{"taxonomy":"post_tag","embeddable":true,"href":"https:\/\/notinor.com\/jujuy\/wp-json\/wp\/v2\/tags?post=234654"}],"curies":[{"name":"wp","href":"https:\/\/api.w.org\/{rel}","templated":true}]}}