{"id":234651,"date":"2020-04-20T10:21:36","date_gmt":"2020-04-20T13:21:36","guid":{"rendered":"https:\/\/notinor.com\/jujuy\/?p=234651"},"modified":"2020-04-20T10:21:40","modified_gmt":"2020-04-20T13:21:40","slug":"se-inicia-un-decisivo-trabajo-para-la-salud-y-la-seguridad-de-mas-de-112-mil-adultos-mayores","status":"publish","type":"post","link":"https:\/\/notinor.com\/jujuy\/se-inicia-un-decisivo-trabajo-para-la-salud-y-la-seguridad-de-mas-de-112-mil-adultos-mayores\/","title":{"rendered":"Se inicia un decisivo trabajo para la salud y la seguridad de m\u00e1s de 112 mil adultos mayores"},"content":{"rendered":"\n<p>Fernanda Peynado, titular de la Mesa de Trabajo COVID-19\nAdultos Mayores y a su vez subsecretaria de Atenci\u00f3n, Promoci\u00f3n y Prevenci\u00f3n de\nla Salud, destac\u00f3 que \u201cel grupo m\u00e1s vulnerable al COVID-19 es el de los adultos\nmayores de m\u00e1s de 60 a\u00f1os, pero a su vez los que est\u00e1n arriba de los 80 a\u00f1os lo\nson a\u00fan m\u00e1s\u201d y remarc\u00f3 que por esta raz\u00f3n el trabajo se organiz\u00f3 a partir de\nl\u00edneas de acci\u00f3n y gesti\u00f3n perfectamente definidas.<\/p>\n\n\n\n<figure class=\"wp-block-image size-large\"><img decoding=\"async\" loading=\"lazy\" width=\"720\" height=\"480\" src=\"https:\/\/notinor.com\/jujuy\/wp-content\/uploads\/2020\/04\/unnamed-2-1-720x480.jpg\" alt=\"\" class=\"wp-image-234655\" srcset=\"https:\/\/notinor.com\/jujuy\/wp-content\/uploads\/2020\/04\/unnamed-2-1-720x480.jpg 720w, https:\/\/notinor.com\/jujuy\/wp-content\/uploads\/2020\/04\/unnamed-2-1-548x365.jpg 548w, https:\/\/notinor.com\/jujuy\/wp-content\/uploads\/2020\/04\/unnamed-2-1-400x266.jpg 400w, https:\/\/notinor.com\/jujuy\/wp-content\/uploads\/2020\/04\/unnamed-2-1.jpg 750w\" sizes=\"(max-width: 720px) 100vw, 720px\" \/><\/figure>\n\n\n\n<p class=\"has-background has-vivid-cyan-blue-background-color\"><strong>\u201cUna de ellas se sustenta en un amplio plan de voluntariado y la otra hace foco en las residencias de larga estad\u00eda, apuntando a un correcto uso de los protocolos nacionales de prevenci\u00f3n\u201d, explic\u00f3.<\/strong><\/p>\n\n\n\n<p>A tal efecto, se abri\u00f3 las puertas a la necesaria\nparticipaci\u00f3n de PAMI, ISJ, municipios e instituciones de la sociedad civil.\n\u201cLa respuesta es altamente gratificante, porque es mucha la gente con vocaci\u00f3n\nde ayudar\u201d, enfatiz\u00f3 la funcionaria.<\/p>\n\n\n\n<p>Tambi\u00e9n se prev\u00e9 para esta semana la presentaci\u00f3n del\nmecanismo de convocatoria a voluntarios, el cual se encuentra bajo proceso de\naprobaci\u00f3n por parte de los ministros de Salud, Gustavo Bouhid; y de Desarrollo\nHumano, Natalia Sarapura. \u201cEl voluntariado tiene una ejecuci\u00f3n local, por lo\ntanto rescataremos muchas de las planificaciones que formulen a nivel\njurisdiccional, puesto que tendr\u00e1n que ver con cada realidad local\u201d, subray\u00f3.<\/p>\n\n\n\n<p>Ampli\u00f3 sus conceptos, precisando que \u201cen principio, el\nvoluntario tratar\u00e1 de establecer un acercamiento v\u00eda telef\u00f3nica y\nposteriormente, si la situaci\u00f3n lo requiere, se dar\u00e1 paso a un abordaje f\u00edsico,\npor ejemplo al detectar alguna necesidad, tales como adquirir productos\nalimenticios o insumos de limpieza\u201d, y a\u00f1adi\u00f3 que \u201cestamos plenamente\nconvencidos de que el aislamiento social no tiene que representar un\naislamiento afectivo, por lo tanto generaremos acercamiento a trav\u00e9s de la\ntecnolog\u00eda y as\u00ed los que son abuelos tambi\u00e9n puedan ver a sus hijos y nietos\u201d.<\/p>\n\n\n\n<p>Cabe consignar, que el Plan de Acci\u00f3n Integral de Adultos\nMayores COVID-19, fue gestado para resguardar a una poblaci\u00f3n estimada de\n112.269 personas de 60 a\u00f1os en adelante, con y sin obra social. Este grupo se\nintegra de las franjas de 60.700 personas de entre 60 y 69 a\u00f1os; 32.869\npersonas de entre 70 y 79 a\u00f1os; y 18.700 personas de 80 a\u00f1os en adelante.<\/p>\n\n\n\n<p>En este contexto, se ponen en marcha esta semana los\nprocedimientos de monitoreo sobre residencias de larga estad\u00eda p\u00fablicas y\nprivadas que incluyen controles de salud a la poblaci\u00f3n.<\/p>\n\n\n\n<p>Asimismo, se avanza en el abordaje integral de la situaci\u00f3n\nde cada una de las 500 personas adultas mayores en internaci\u00f3n domiciliaria,\npara lo cual se coordinar\u00e1 con las empresas a cargo de dicho servicio. \u201cSabemos\nque all\u00ed est\u00e1n las personas m\u00e1s vulnerables dentro del segmento vulnerable\u201d,\ninsisti\u00f3 Peynado, quien adem\u00e1s resalt\u00f3 que progresa significativamente la\nverificaci\u00f3n de informaci\u00f3n relacionada con adultos mayores en situaci\u00f3n de\nsoledad o a cuidado de otro adulto mayor.<\/p>\n\n\n\n<p>Simult\u00e1neamente, se intensifican esfuerzos a fin de evitar\nestados de hacinamiento, atento a los protocolos de seguridad establecidos para\nluchar contra la propagaci\u00f3n de COVID-19.<\/p>\n","protected":false},"excerpt":{"rendered":"<p>Fernanda Peynado, titular de la Mesa de Trabajo COVID-19 Adultos Mayores y a su vez subsecretaria de Atenci\u00f3n, Promoci\u00f3n y Prevenci\u00f3n de la Salud, destac\u00f3 que \u201cel grupo m\u00e1s vulnerable al COVID-19 es el de los adultos mayores de m\u00e1s de 60 a\u00f1os, pero a su vez los que est\u00e1n arriba de los 80 a\u00f1os [&hellip;]<\/p>\n","protected":false},"author":5,"featured_media":234655,"comment_status":"open","ping_status":"open","sticky":false,"template":"","format":"standard","meta":{"_stopmodifiedupdate":false,"_modified_date":"","inline_featured_image":false,"spay_email":"","jetpack_publicize_message":"Fernanda Peynado, titular de la Mesa de Trabajo COVID-19 Adultos Mayores y a su vez subsecretaria de Atenci\u00f3n, Promoci\u00f3n y Prevenci\u00f3n de la Salud, destac\u00f3 que \u201cel grupo m\u00e1s vulnerable al COVID-19 es el de los adultos mayores de m\u00e1s de 60 a\u00f1os, pero a su ve"},"categories":[13],"tags":[],"jetpack_featured_media_url":"https:\/\/notinor.com\/jujuy\/wp-content\/uploads\/2020\/04\/unnamed-2-1.jpg","jetpack_publicize_connections":[],"_links":{"self":[{"href":"https:\/\/notinor.com\/jujuy\/wp-json\/wp\/v2\/posts\/234651"}],"collection":[{"href":"https:\/\/notinor.com\/jujuy\/wp-json\/wp\/v2\/posts"}],"about":[{"href":"https:\/\/notinor.com\/jujuy\/wp-json\/wp\/v2\/types\/post"}],"author":[{"embeddable":true,"href":"https:\/\/notinor.com\/jujuy\/wp-json\/wp\/v2\/users\/5"}],"replies":[{"embeddable":true,"href":"https:\/\/notinor.com\/jujuy\/wp-json\/wp\/v2\/comments?post=234651"}],"version-history":[{"count":1,"href":"https:\/\/notinor.com\/jujuy\/wp-json\/wp\/v2\/posts\/234651\/revisions"}],"predecessor-version":[{"id":234657,"href":"https:\/\/notinor.com\/jujuy\/wp-json\/wp\/v2\/posts\/234651\/revisions\/234657"}],"wp:featuredmedia":[{"embeddable":true,"href":"https:\/\/notinor.com\/jujuy\/wp-json\/wp\/v2\/media\/234655"}],"wp:attachment":[{"href":"https:\/\/notinor.com\/jujuy\/wp-json\/wp\/v2\/media?parent=234651"}],"wp:term":[{"taxonomy":"category","embeddable":true,"href":"https:\/\/notinor.com\/jujuy\/wp-json\/wp\/v2\/categories?post=234651"},{"taxonomy":"post_tag","embeddable":true,"href":"https:\/\/notinor.com\/jujuy\/wp-json\/wp\/v2\/tags?post=234651"}],"curies":[{"name":"wp","href":"https:\/\/api.w.org\/{rel}","templated":true}]}}