{"id":234619,"date":"2020-04-20T10:48:00","date_gmt":"2020-04-20T13:48:00","guid":{"rendered":"https:\/\/notinor.com\/jujuy\/?p=234619"},"modified":"2020-04-20T10:50:33","modified_gmt":"2020-04-20T13:50:33","slug":"la-semana-arranco-con-un-cielo-despejado-y-se-espera-una-maxima-de-27-grados","status":"publish","type":"post","link":"https:\/\/notinor.com\/jujuy\/la-semana-arranco-con-un-cielo-despejado-y-se-espera-una-maxima-de-27-grados\/","title":{"rendered":"La semana arranc\u00f3 con un cielo despejado y se espera una m\u00e1xima de 27 grados"},"content":{"rendered":"\n<p>Un lunes a pleno sol en la capital juje\u00f1a y sin posibilidades de lluvias, seg\u00fan inform\u00f3 el Servicio Meteorol\u00f3gico Nacional.<\/p>\n\n\n\n<figure class=\"wp-block-image size-large\"><img decoding=\"async\" loading=\"lazy\" width=\"1600\" height=\"1200\" src=\"https:\/\/i1.wp.com\/notinor.com\/jujuy\/wp-content\/uploads\/2020\/04\/TIEMPO.jpg?fit=640%2C480&amp;ssl=1\" alt=\"\" class=\"wp-image-234623\" srcset=\"https:\/\/notinor.com\/jujuy\/wp-content\/uploads\/2020\/04\/TIEMPO.jpg 1600w, https:\/\/notinor.com\/jujuy\/wp-content\/uploads\/2020\/04\/TIEMPO-487x365.jpg 487w, https:\/\/notinor.com\/jujuy\/wp-content\/uploads\/2020\/04\/TIEMPO-640x480.jpg 640w, https:\/\/notinor.com\/jujuy\/wp-content\/uploads\/2020\/04\/TIEMPO-768x576.jpg 768w, https:\/\/notinor.com\/jujuy\/wp-content\/uploads\/2020\/04\/TIEMPO-1536x1152.jpg 1536w\" sizes=\"(max-width: 1600px) 100vw, 1600px\" \/><\/figure>\n\n\n\n<p class=\"has-background has-vivid-cyan-blue-background-color\">Cielo despejado al menos durante la ma\u00f1ana y temperaturas agradables, asi amaneci\u00f3 San Salvador de Jujuy y los alrededores. Seg\u00fan inform\u00f3 el Servicio Meteorologico Nacional para hoy se esperan temperaturas agradables que alcanzar\u00edan los 27 grados.<\/p>\n\n\n\n<p>Adem\u00e1s se prev\u00e9 que no registrar\u00e1n lluvias, a pesar de la nubosidad que se presentara durante la tarde . La humedad alcanza el 82% y los vientos soplan del noreste a nueva kilometros.<\/p>\n\n\n\n<p>Antes de salir, siempre y cuando sea necesario, recorda que debes llevar un barbijo, tener tu dni a mano y presentar a las autoridades que lo requieran el certificado de circulaci\u00f3n.<\/p>\n\n\n\n<p><strong>NOTINOR TE DESEA QUE TENGAS UN BUEN D\u00cdA <\/strong><\/p>\n\n\n\n<p><\/p>\n","protected":false},"excerpt":{"rendered":"<p>Un lunes a pleno sol en la capital juje\u00f1a y sin posibilidades de lluvias, seg\u00fan inform\u00f3 el Servicio Meteorol\u00f3gico Nacional. Cielo despejado al menos durante la ma\u00f1ana y temperaturas agradables, asi amaneci\u00f3 San Salvador de Jujuy y los alrededores. Seg\u00fan inform\u00f3 el Servicio Meteorologico Nacional para hoy se esperan temperaturas agradables que alcanzar\u00edan los 27 [&hellip;]<\/p>\n","protected":false},"author":1,"featured_media":234623,"comment_status":"open","ping_status":"open","sticky":false,"template":"","format":"standard","meta":{"_stopmodifiedupdate":false,"_modified_date":"","inline_featured_image":false,"spay_email":"","jetpack_publicize_message":"Un lunes a pleno sol en la capital juje\u00f1a y sin posibilidades de lluvias, seg\u00fan inform\u00f3 el Servicio Meteorol\u00f3gico Nacional."},"categories":[514],"tags":[],"jetpack_featured_media_url":"https:\/\/notinor.com\/jujuy\/wp-content\/uploads\/2020\/04\/TIEMPO.jpg","jetpack_publicize_connections":[],"_links":{"self":[{"href":"https:\/\/notinor.com\/jujuy\/wp-json\/wp\/v2\/posts\/234619"}],"collection":[{"href":"https:\/\/notinor.com\/jujuy\/wp-json\/wp\/v2\/posts"}],"about":[{"href":"https:\/\/notinor.com\/jujuy\/wp-json\/wp\/v2\/types\/post"}],"author":[{"embeddable":true,"href":"https:\/\/notinor.com\/jujuy\/wp-json\/wp\/v2\/users\/1"}],"replies":[{"embeddable":true,"href":"https:\/\/notinor.com\/jujuy\/wp-json\/wp\/v2\/comments?post=234619"}],"version-history":[{"count":1,"href":"https:\/\/notinor.com\/jujuy\/wp-json\/wp\/v2\/posts\/234619\/revisions"}],"predecessor-version":[{"id":234624,"href":"https:\/\/notinor.com\/jujuy\/wp-json\/wp\/v2\/posts\/234619\/revisions\/234624"}],"wp:featuredmedia":[{"embeddable":true,"href":"https:\/\/notinor.com\/jujuy\/wp-json\/wp\/v2\/media\/234623"}],"wp:attachment":[{"href":"https:\/\/notinor.com\/jujuy\/wp-json\/wp\/v2\/media?parent=234619"}],"wp:term":[{"taxonomy":"category","embeddable":true,"href":"https:\/\/notinor.com\/jujuy\/wp-json\/wp\/v2\/categories?post=234619"},{"taxonomy":"post_tag","embeddable":true,"href":"https:\/\/notinor.com\/jujuy\/wp-json\/wp\/v2\/tags?post=234619"}],"curies":[{"name":"wp","href":"https:\/\/api.w.org\/{rel}","templated":true}]}}