{"id":231238,"date":"2020-03-19T08:23:52","date_gmt":"2020-03-19T11:23:52","guid":{"rendered":"http:\/\/notinor.com\/jujuy\/?p=231238"},"modified":"2020-03-19T09:31:22","modified_gmt":"2020-03-19T12:31:22","slug":"martinez-maria-josefa","status":"publish","type":"post","link":"https:\/\/notinor.com\/jujuy\/martinez-maria-josefa\/","title":{"rendered":"MARTINEZ, Maria Josefa"},"content":{"rendered":"\n<p class=\"has-background has-vivid-cyan-blue-background-color\"><strong>Falleci\u00f3 el d\u00eda 18 de marzo de 2020, a hs. 06:15. C.A.S.R. y B.P., a la edad de 85 a\u00f1os. Sus hijos: Arnaldo Cesa y Maria Liliana Chiliguay, sus hijos pol\u00edticos: Fanny Coca y Ernesto  Nazr, sus nietos: Mart\u00edn, Ayia, Juan Pablo, Ana Laura, Juan Manuel, Facundo, Fernando, Rocio, Maximiliano y Camila, sus sobrinos y dem\u00e1s familiares participan con profundo dolor su fallecimiento e invitan a sus amistades y dem\u00e1s personas piadosas al sepelio de sus restos hoy 19 de marzo a hs. 09:00 en el cementerio Parque El Jard\u00edn del Castillo. FAE. Casa de duelo salas Arenales de empresa La Piedad sita en 1145. Ritual de homenaje empresa La Piedad SA, sita en Salta 727, tel. 0388-422487, l\u00ednea gratuita 0800-444-5274.<\/strong><\/p>\n","protected":false},"excerpt":{"rendered":"<p>Falleci\u00f3 el d\u00eda 18 de marzo de 2020, a hs. 06:15. C.A.S.R. y B.P., a la edad de 85 a\u00f1os. Sus hijos: Arnaldo Cesa y Maria Liliana Chiliguay, sus hijos pol\u00edticos: Fanny Coca y Ernesto Nazr, sus nietos: Mart\u00edn, Ayia, Juan Pablo, Ana Laura, Juan Manuel, Facundo, Fernando, Rocio, Maximiliano y Camila, sus sobrinos y [&hellip;]<\/p>\n","protected":false},"author":5,"featured_media":130005,"comment_status":"open","ping_status":"open","sticky":false,"template":"","format":"standard","meta":{"_stopmodifiedupdate":false,"_modified_date":"","inline_featured_image":false,"spay_email":"","jetpack_publicize_message":""},"categories":[523],"tags":[],"jetpack_featured_media_url":"https:\/\/notinor.com\/jujuy\/wp-content\/uploads\/2017\/08\/Obituarios-1.jpg","jetpack_publicize_connections":[],"_links":{"self":[{"href":"https:\/\/notinor.com\/jujuy\/wp-json\/wp\/v2\/posts\/231238"}],"collection":[{"href":"https:\/\/notinor.com\/jujuy\/wp-json\/wp\/v2\/posts"}],"about":[{"href":"https:\/\/notinor.com\/jujuy\/wp-json\/wp\/v2\/types\/post"}],"author":[{"embeddable":true,"href":"https:\/\/notinor.com\/jujuy\/wp-json\/wp\/v2\/users\/5"}],"replies":[{"embeddable":true,"href":"https:\/\/notinor.com\/jujuy\/wp-json\/wp\/v2\/comments?post=231238"}],"version-history":[{"count":1,"href":"https:\/\/notinor.com\/jujuy\/wp-json\/wp\/v2\/posts\/231238\/revisions"}],"predecessor-version":[{"id":231239,"href":"https:\/\/notinor.com\/jujuy\/wp-json\/wp\/v2\/posts\/231238\/revisions\/231239"}],"wp:featuredmedia":[{"embeddable":true,"href":"https:\/\/notinor.com\/jujuy\/wp-json\/wp\/v2\/media\/130005"}],"wp:attachment":[{"href":"https:\/\/notinor.com\/jujuy\/wp-json\/wp\/v2\/media?parent=231238"}],"wp:term":[{"taxonomy":"category","embeddable":true,"href":"https:\/\/notinor.com\/jujuy\/wp-json\/wp\/v2\/categories?post=231238"},{"taxonomy":"post_tag","embeddable":true,"href":"https:\/\/notinor.com\/jujuy\/wp-json\/wp\/v2\/tags?post=231238"}],"curies":[{"name":"wp","href":"https:\/\/api.w.org\/{rel}","templated":true}]}}